{"id":16367,"date":"2025-01-11T22:40:26","date_gmt":"2025-01-12T02:40:26","guid":{"rendered":"https:\/\/prensapresidencialvenezuela.gob.ve\/?p=16367"},"modified":"2025-01-11T22:40:27","modified_gmt":"2025-01-12T02:40:27","slug":"venezuela-y-argelia-estrechan-lazos-para-fortalecer-su-cooperacion-bilateral","status":"publish","type":"post","link":"https:\/\/prensapresidencialvenezuela.gob.ve\/index.php\/2025\/01\/11\/venezuela-y-argelia-estrechan-lazos-para-fortalecer-su-cooperacion-bilateral\/","title":{"rendered":"Venezuela y Argelia estrechan lazos para fortalecer su cooperaci\u00f3n bilateral"},"content":{"rendered":"\n<p><strong>La Casona Cultural Aquiles Nazoa, estado Miranda.-<\/strong>&nbsp; En el desarrollo de una extensa agenda bilateral, el Jefe de Estado venezolano, Nicol\u00e1s Maduro, sostuvo un importante encuentro con la delegaci\u00f3n de la Rep\u00fablica Argelina Democr\u00e1tica y Popular, encabezada por el Excelent\u00edsimo Se\u00f1or Ibrahim Boughali, presidente de la Asamblea Popular Nacional y tambi\u00e9n titular de la Uni\u00f3n Interparlamentaria \u00c1rabe.<\/p>\n\n\n\n<p>Adem\u00e1s, la delegaci\u00f3n acompa\u00f1\u00f3 al presidente Maduro el pasado 10 de enero en su toma de posesi\u00f3n, ante la Asamblea Nacional (AN), en la ciudad de Caracas.<\/p>\n\n\n\n<p>Desde el a\u00f1o 2022, Argel y Caracas han iniciado una nueva etapa en sus relaciones diplom\u00e1ticas, pol\u00edticas, econ\u00f3micas y comerciales, en el contexto del relanzamiento de la Comisi\u00f3n Mixta de Alto Nivel.<\/p>\n\n\n\n<p>Esta instancia ha permitido la firma de m\u00e1s de 38 acuerdos de cooperaci\u00f3n en \u00e1reas de inter\u00e9s mutuo.<\/p>\n\n\n\n<p>Las relaciones diplom\u00e1ticas entre Argelia y Venezuela datan del 22 de marzo de 1971.<\/p>\n\n\n\n<p>Desde la llegada del Comandante Hugo Ch\u00e1vez, estos v\u00ednculos se han fortalecido mediante encuentros de trabajo y la realizaci\u00f3n de comisiones mixtas, que han facilitado la firma de instrumentos jur\u00eddicos bilaterales y memorandos de entendimiento entre ambas naciones que cada d\u00eda dan muestras de su hermanamiento.<\/p>\n\n\n\n<p><strong>Prensa Presidencial\/ Luis Tavera<\/strong><\/p>\n","protected":false},"excerpt":{"rendered":"<p>La Casona Cultural Aquiles Nazoa, estado Miranda.-&nbsp; En el desarrollo de una extensa agenda bilateral, el Jefe de Estado venezolano, Nicol\u00e1s Maduro, sostuvo un importante encuentro con la delegaci\u00f3n de la Rep\u00fablica Argelina Democr\u00e1tica y Popular, encabezada por el Excelent\u00edsimo Se\u00f1or Ibrahim Boughali, presidente de la Asamblea Popular Nacional y tambi\u00e9n titular de la Uni\u00f3n [&hellip;]<\/p>\n","protected":false},"author":1,"featured_media":16368,"comment_status":"open","ping_status":"open","sticky":false,"template":"","format":"standard","meta":{"footnotes":""},"categories":[18,7],"tags":[38,19,451,27,20],"class_list":["post-16367","post","type-post","status-publish","format-standard","has-post-thumbnail","hentry","category-noticias-principales","category-notas-de-prensa","tag-diplomacia-bolivariana-de-paz","tag-nicolas-maduro","tag-pueblo","tag-revolucion-bolivariana","tag-venezuela"],"_links":{"self":[{"href":"https:\/\/prensapresidencialvenezuela.gob.ve\/index.php\/wp-json\/wp\/v2\/posts\/16367","targetHints":{"allow":["GET"]}}],"collection":[{"href":"https:\/\/prensapresidencialvenezuela.gob.ve\/index.php\/wp-json\/wp\/v2\/posts"}],"about":[{"href":"https:\/\/prensapresidencialvenezuela.gob.ve\/index.php\/wp-json\/wp\/v2\/types\/post"}],"author":[{"embeddable":true,"href":"https:\/\/prensapresidencialvenezuela.gob.ve\/index.php\/wp-json\/wp\/v2\/users\/1"}],"replies":[{"embeddable":true,"href":"https:\/\/prensapresidencialvenezuela.gob.ve\/index.php\/wp-json\/wp\/v2\/comments?post=16367"}],"version-history":[{"count":1,"href":"https:\/\/prensapresidencialvenezuela.gob.ve\/index.php\/wp-json\/wp\/v2\/posts\/16367\/revisions"}],"predecessor-version":[{"id":16369,"href":"https:\/\/prensapresidencialvenezuela.gob.ve\/index.php\/wp-json\/wp\/v2\/posts\/16367\/revisions\/16369"}],"wp:featuredmedia":[{"embeddable":true,"href":"https:\/\/prensapresidencialvenezuela.gob.ve\/index.php\/wp-json\/wp\/v2\/media\/16368"}],"wp:attachment":[{"href":"https:\/\/prensapresidencialvenezuela.gob.ve\/index.php\/wp-json\/wp\/v2\/media?parent=16367"}],"wp:term":[{"taxonomy":"category","embeddable":true,"href":"https:\/\/prensapresidencialvenezuela.gob.ve\/index.php\/wp-json\/wp\/v2\/categories?post=16367"},{"taxonomy":"post_tag","embeddable":true,"href":"https:\/\/prensapresidencialvenezuela.gob.ve\/index.php\/wp-json\/wp\/v2\/tags?post=16367"}],"curies":[{"name":"wp","href":"https:\/\/api.w.org\/{rel}","templated":true}]}}