{"id":16370,"date":"2025-01-11T22:46:32","date_gmt":"2025-01-12T02:46:32","guid":{"rendered":"https:\/\/prensapresidencialvenezuela.gob.ve\/?p=16370"},"modified":"2025-01-11T22:46:33","modified_gmt":"2025-01-12T02:46:33","slug":"republica-bolivariana-de-venezuela-y-republica-arabe-saharaui-democratica-afianzan-lazos-de-hermandad","status":"publish","type":"post","link":"https:\/\/prensapresidencialvenezuela.gob.ve\/index.php\/2025\/01\/11\/republica-bolivariana-de-venezuela-y-republica-arabe-saharaui-democratica-afianzan-lazos-de-hermandad\/","title":{"rendered":"Rep\u00fablica Bolivariana de Venezuela y Rep\u00fablica \u00c1rabe Saharaui Democr\u00e1tica afianzan lazos de hermandad"},"content":{"rendered":"\n<p><strong>Casona Cultural Aquiles Nazoa, estado Miranda. &#8211;<\/strong> El presidente de la Rep\u00fablica Bolivariana de Venezuela, Nicol\u00e1s Maduro Moros, recibi\u00f3 este s\u00e1bado, al primer ministro de la Rep\u00fablica \u00c1rabe Saharaui Democr\u00e1tica, Bucharaya Hamudi Sidina.<\/p>\n\n\n\n<p>El encuentro fue propicio para respaldar la investidura del Jefe de Estado Nicol\u00e1s Maduro e impulsar nuevas alianzas que permitan contribuir al fortalecimiento de la autodeterminaci\u00f3n y desarrollo pleno de ambas naciones.<\/p>\n\n\n\n<p>Caracas estableci\u00f3 relaciones diplom\u00e1ticas con la Rep\u00fablica \u00c1rabe Saharaui Democr\u00e1tica en 1982, apenas seis a\u00f1os despu\u00e9s de su proclamaci\u00f3n en 1976. Este hecho se vio reforzado indudablemente con la llegada del comandante Hugo Ch\u00e1vez, en 1999, que gui\u00f3 su pol\u00edtica exterior sobre principios universalmente consagrados en el derecho internacional y establecidos en la Constituci\u00f3n.<\/p>\n\n\n\n<p>En este sentido, Venezuela ratifica su lucha incesante por el derecho a la autodeterminaci\u00f3n de los pueblos, la soberan\u00eda, la independencia, la igualdad jur\u00eddica de los Estados, la paz y la cooperaci\u00f3n, basados en el pensamiento del Libertador Sim\u00f3n Bol\u00edvar y hoy refrendado por el presidente Nicol\u00e1s Maduro, quien ha abogado por el derecho a la autodeterminaci\u00f3n \u00e1rabe.<\/p>\n\n\n\n<p>\u201cEl pueblo \u00e1rabe y pueblo africano saharaui tiene derecho a su tierra, a su historia, a su autodeterminaci\u00f3n y a su independencia\u201d, asever\u00f3 el Mandatario durante una visita oficial a la naci\u00f3n venezolana, por parte de su hom\u00f3logo Brahim Ghali en marzo del a\u00f1o 2023.<\/p>\n\n\n\n<p>Los acuerdos entre ambas naciones se basan en el fortalecimiento de las alianzas pol\u00edticas, diplom\u00e1ticas, sociales y econ\u00f3micas.<\/p>\n\n\n\n<p><strong>Prensa Presidencial \/ Eduardo Hueck<\/strong><\/p>\n","protected":false},"excerpt":{"rendered":"<p>Casona Cultural Aquiles Nazoa, estado Miranda. &#8211; El presidente de la Rep\u00fablica Bolivariana de Venezuela, Nicol\u00e1s Maduro Moros, recibi\u00f3 este s\u00e1bado, al primer ministro de la Rep\u00fablica \u00c1rabe Saharaui Democr\u00e1tica, Bucharaya Hamudi Sidina. El encuentro fue propicio para respaldar la investidura del Jefe de Estado Nicol\u00e1s Maduro e impulsar nuevas alianzas que permitan contribuir al [&hellip;]<\/p>\n","protected":false},"author":1,"featured_media":16371,"comment_status":"open","ping_status":"open","sticky":false,"template":"","format":"standard","meta":{"footnotes":""},"categories":[18,7],"tags":[38,21,19,20],"class_list":["post-16370","post","type-post","status-publish","format-standard","has-post-thumbnail","hentry","category-noticias-principales","category-notas-de-prensa","tag-diplomacia-bolivariana-de-paz","tag-economia-venezolana","tag-nicolas-maduro","tag-venezuela"],"_links":{"self":[{"href":"https:\/\/prensapresidencialvenezuela.gob.ve\/index.php\/wp-json\/wp\/v2\/posts\/16370","targetHints":{"allow":["GET"]}}],"collection":[{"href":"https:\/\/prensapresidencialvenezuela.gob.ve\/index.php\/wp-json\/wp\/v2\/posts"}],"about":[{"href":"https:\/\/prensapresidencialvenezuela.gob.ve\/index.php\/wp-json\/wp\/v2\/types\/post"}],"author":[{"embeddable":true,"href":"https:\/\/prensapresidencialvenezuela.gob.ve\/index.php\/wp-json\/wp\/v2\/users\/1"}],"replies":[{"embeddable":true,"href":"https:\/\/prensapresidencialvenezuela.gob.ve\/index.php\/wp-json\/wp\/v2\/comments?post=16370"}],"version-history":[{"count":1,"href":"https:\/\/prensapresidencialvenezuela.gob.ve\/index.php\/wp-json\/wp\/v2\/posts\/16370\/revisions"}],"predecessor-version":[{"id":16372,"href":"https:\/\/prensapresidencialvenezuela.gob.ve\/index.php\/wp-json\/wp\/v2\/posts\/16370\/revisions\/16372"}],"wp:featuredmedia":[{"embeddable":true,"href":"https:\/\/prensapresidencialvenezuela.gob.ve\/index.php\/wp-json\/wp\/v2\/media\/16371"}],"wp:attachment":[{"href":"https:\/\/prensapresidencialvenezuela.gob.ve\/index.php\/wp-json\/wp\/v2\/media?parent=16370"}],"wp:term":[{"taxonomy":"category","embeddable":true,"href":"https:\/\/prensapresidencialvenezuela.gob.ve\/index.php\/wp-json\/wp\/v2\/categories?post=16370"},{"taxonomy":"post_tag","embeddable":true,"href":"https:\/\/prensapresidencialvenezuela.gob.ve\/index.php\/wp-json\/wp\/v2\/tags?post=16370"}],"curies":[{"name":"wp","href":"https:\/\/api.w.org\/{rel}","templated":true}]}}