{"id":16378,"date":"2025-01-12T00:11:43","date_gmt":"2025-01-12T04:11:43","guid":{"rendered":"https:\/\/prensapresidencialvenezuela.gob.ve\/?p=16378"},"modified":"2025-01-12T00:11:44","modified_gmt":"2025-01-12T04:11:44","slug":"gobierno-de-venezuela-lidera-encuentro-bilateral-con-burkina-faso-para-fortalecer-la-cooperacion","status":"publish","type":"post","link":"https:\/\/prensapresidencialvenezuela.gob.ve\/index.php\/2025\/01\/12\/gobierno-de-venezuela-lidera-encuentro-bilateral-con-burkina-faso-para-fortalecer-la-cooperacion\/","title":{"rendered":"Gobierno de Venezuela lidera encuentro bilateral con Burkina Faso para fortalecer la cooperaci\u00f3n"},"content":{"rendered":"\n<p><strong>Casa Cultural Aquiles Nazoa, estado Miranda.-<\/strong> El presidente de la Rep\u00fablica Bolivariana de Venezuela, Nicol\u00e1s Maduro, lider\u00f3 un encuentro bilateral, acompa\u00f1ado de la vicepresidenta ejecutiva, Delcy Rodr\u00edguez, y el canciller Yv\u00e1n Gil, con la delegaci\u00f3n de Burkina Faso, encabezada por el presidente de la Asamblea Legislativa de Transici\u00f3n de Burkina Faso, Ousmane Bougouma.<\/p>\n\n\n\n<p>Este encuentro ratifica el fortalecimiento de las relaciones bilaterales entre Venezuela y Burkina Faso, establecidas en 2003, y que se mantienen vigentes en beneficio de ambos pueblos.<\/p>\n\n\n\n<p><strong>Fortalecimiento de relaciones bilaterales<\/strong><\/p>\n\n\n\n<p>El pasado mes de febrero de 2024, en Caracas, la vicepresidenta de la Rep\u00fablica, Delcy Rodr\u00edguez, sostuvo un encuentro de trabajo con el ministro de Asuntos Exteriores de Burkina Faso, Karamoko Jean Marie Traore. La visita de la delegaci\u00f3n burkin\u00e9s al pa\u00eds se realiz\u00f3 en el marco de la instalaci\u00f3n de la 1ra Comisi\u00f3n Mixta, que permitir\u00e1 fortalecer los lazos de cooperaci\u00f3n bilateral entre ambas naciones.<\/p>\n\n\n\n<p>Entre los acuerdos m\u00e1s destacados en los que trabajan ambas delegaciones, se encuentra la cooperaci\u00f3n en la producci\u00f3n y exportaci\u00f3n de oro, un recurso clave para Burkina Faso en el continente africano.<\/p>\n\n\n\n<p><strong>Prensa Presidencial\/ Luis Tavera<\/strong><\/p>\n","protected":false},"excerpt":{"rendered":"<p>Casa Cultural Aquiles Nazoa, estado Miranda.- El presidente de la Rep\u00fablica Bolivariana de Venezuela, Nicol\u00e1s Maduro, lider\u00f3 un encuentro bilateral, acompa\u00f1ado de la vicepresidenta ejecutiva, Delcy Rodr\u00edguez, y el canciller Yv\u00e1n Gil, con la delegaci\u00f3n de Burkina Faso, encabezada por el presidente de la Asamblea Legislativa de Transici\u00f3n de Burkina Faso, Ousmane Bougouma. Este encuentro [&hellip;]<\/p>\n","protected":false},"author":1,"featured_media":16379,"comment_status":"open","ping_status":"open","sticky":false,"template":"","format":"standard","meta":{"footnotes":""},"categories":[18,7],"tags":[30,21,19,27,20],"class_list":["post-16378","post","type-post","status-publish","format-standard","has-post-thumbnail","hentry","category-noticias-principales","category-notas-de-prensa","tag-destacado","tag-economia-venezolana","tag-nicolas-maduro","tag-revolucion-bolivariana","tag-venezuela"],"_links":{"self":[{"href":"https:\/\/prensapresidencialvenezuela.gob.ve\/index.php\/wp-json\/wp\/v2\/posts\/16378","targetHints":{"allow":["GET"]}}],"collection":[{"href":"https:\/\/prensapresidencialvenezuela.gob.ve\/index.php\/wp-json\/wp\/v2\/posts"}],"about":[{"href":"https:\/\/prensapresidencialvenezuela.gob.ve\/index.php\/wp-json\/wp\/v2\/types\/post"}],"author":[{"embeddable":true,"href":"https:\/\/prensapresidencialvenezuela.gob.ve\/index.php\/wp-json\/wp\/v2\/users\/1"}],"replies":[{"embeddable":true,"href":"https:\/\/prensapresidencialvenezuela.gob.ve\/index.php\/wp-json\/wp\/v2\/comments?post=16378"}],"version-history":[{"count":1,"href":"https:\/\/prensapresidencialvenezuela.gob.ve\/index.php\/wp-json\/wp\/v2\/posts\/16378\/revisions"}],"predecessor-version":[{"id":16381,"href":"https:\/\/prensapresidencialvenezuela.gob.ve\/index.php\/wp-json\/wp\/v2\/posts\/16378\/revisions\/16381"}],"wp:featuredmedia":[{"embeddable":true,"href":"https:\/\/prensapresidencialvenezuela.gob.ve\/index.php\/wp-json\/wp\/v2\/media\/16379"}],"wp:attachment":[{"href":"https:\/\/prensapresidencialvenezuela.gob.ve\/index.php\/wp-json\/wp\/v2\/media?parent=16378"}],"wp:term":[{"taxonomy":"category","embeddable":true,"href":"https:\/\/prensapresidencialvenezuela.gob.ve\/index.php\/wp-json\/wp\/v2\/categories?post=16378"},{"taxonomy":"post_tag","embeddable":true,"href":"https:\/\/prensapresidencialvenezuela.gob.ve\/index.php\/wp-json\/wp\/v2\/tags?post=16378"}],"curies":[{"name":"wp","href":"https:\/\/api.w.org\/{rel}","templated":true}]}}