{"id":16382,"date":"2025-01-12T20:17:33","date_gmt":"2025-01-13T00:17:33","guid":{"rendered":"https:\/\/prensapresidencialvenezuela.gob.ve\/?p=16382"},"modified":"2025-01-12T20:17:34","modified_gmt":"2025-01-13T00:17:34","slug":"isaias-rodriguez-un-pilar-de-justicia-y-valentia-revolucionaria","status":"publish","type":"post","link":"https:\/\/prensapresidencialvenezuela.gob.ve\/index.php\/2025\/01\/12\/isaias-rodriguez-un-pilar-de-justicia-y-valentia-revolucionaria\/","title":{"rendered":"Isa\u00edas Rodr\u00edguez: Un Pilar de Justicia y Valent\u00eda Revolucionaria"},"content":{"rendered":"\n<p><strong>Palacio de Miraflores, Caracas.- <\/strong>El presidente de la Rep\u00fablica Bolivariana de Venezuela, Nicol\u00e1s Maduro, expres\u00f3 a trav\u00e9s de sus redes sociales: \u00abNos ha dejado un gran hombre, abogado, poeta, defensor de los trabajadores, intachable, leal y consecuente con las causas justas del pueblo venezolano, Isa\u00edas Rodr\u00edguez, un revolucionario valiente.\u00bb<\/p>\n\n\n\n<p>El jefe de Estado destac\u00f3 la importancia de Rodr\u00edguez como \u00abinsigne constituyente de los a\u00f1os 1999 y 2017, redactor de los art\u00edculos y cap\u00edtulos fundamentales de nuestra Carta Magna y nos acompa\u00f1\u00f3 en la fundaci\u00f3n de la V Rep\u00fablica, un \u00edcono de la heroica historia venezolana.\u00bb<\/p>\n\n\n\n<p>Estas palabras subrayan el invaluable legado de Rodr\u00edguez, su compromiso con la revoluci\u00f3n y su incansable trabajo en la construcci\u00f3n de un pa\u00eds m\u00e1s justo.<\/p>\n\n\n\n<p>El Presidente tambi\u00e9n record\u00f3 con emoci\u00f3n: \u00abLo recuerdo en aquellos d\u00edas de abril de 2002, cuando de manera firme denunci\u00f3 el golpe de Estado contra el Comandante Hugo Ch\u00e1vez, resultando determinante para avivar la rebeld\u00eda revolucionaria que recatar\u00eda la institucionalidad y la democracia.\u00bb<\/p>\n\n\n\n<p>Este testimonio resalta el coraje y la determinaci\u00f3n de Isa\u00edas Rodr\u00edguez, su capacidad para enfrentar la adversidad y su lealtad inquebrantable al pueblo venezolano.<\/p>\n\n\n\n<p>En referencia a su partida, el Dignatario agreg\u00f3: \u00abHoy, 12 de enero, escribo estas l\u00edneas en el marco de su irreparable partida f\u00edsica que nos llena de profundo dolor. Vaya mis palabras de condolencias a sus familiares y amigos. \u00a1Honor y Gloria Eterna a Isa\u00edas Rodr\u00edguez!\u00bb<\/p>\n\n\n\n<p><strong>Prensa Presidencial\/ Luis Tavera<\/strong><\/p>\n","protected":false},"excerpt":{"rendered":"<p>Palacio de Miraflores, Caracas.- El presidente de la Rep\u00fablica Bolivariana de Venezuela, Nicol\u00e1s Maduro, expres\u00f3 a trav\u00e9s de sus redes sociales: \u00abNos ha dejado un gran hombre, abogado, poeta, defensor de los trabajadores, intachable, leal y consecuente con las causas justas del pueblo venezolano, Isa\u00edas Rodr\u00edguez, un revolucionario valiente.\u00bb El jefe de Estado destac\u00f3 la [&hellip;]<\/p>\n","protected":false},"author":1,"featured_media":16383,"comment_status":"open","ping_status":"open","sticky":false,"template":"","format":"standard","meta":{"footnotes":""},"categories":[18,7],"tags":[38,19,27,20],"class_list":["post-16382","post","type-post","status-publish","format-standard","has-post-thumbnail","hentry","category-noticias-principales","category-notas-de-prensa","tag-diplomacia-bolivariana-de-paz","tag-nicolas-maduro","tag-revolucion-bolivariana","tag-venezuela"],"_links":{"self":[{"href":"https:\/\/prensapresidencialvenezuela.gob.ve\/index.php\/wp-json\/wp\/v2\/posts\/16382","targetHints":{"allow":["GET"]}}],"collection":[{"href":"https:\/\/prensapresidencialvenezuela.gob.ve\/index.php\/wp-json\/wp\/v2\/posts"}],"about":[{"href":"https:\/\/prensapresidencialvenezuela.gob.ve\/index.php\/wp-json\/wp\/v2\/types\/post"}],"author":[{"embeddable":true,"href":"https:\/\/prensapresidencialvenezuela.gob.ve\/index.php\/wp-json\/wp\/v2\/users\/1"}],"replies":[{"embeddable":true,"href":"https:\/\/prensapresidencialvenezuela.gob.ve\/index.php\/wp-json\/wp\/v2\/comments?post=16382"}],"version-history":[{"count":1,"href":"https:\/\/prensapresidencialvenezuela.gob.ve\/index.php\/wp-json\/wp\/v2\/posts\/16382\/revisions"}],"predecessor-version":[{"id":16384,"href":"https:\/\/prensapresidencialvenezuela.gob.ve\/index.php\/wp-json\/wp\/v2\/posts\/16382\/revisions\/16384"}],"wp:featuredmedia":[{"embeddable":true,"href":"https:\/\/prensapresidencialvenezuela.gob.ve\/index.php\/wp-json\/wp\/v2\/media\/16383"}],"wp:attachment":[{"href":"https:\/\/prensapresidencialvenezuela.gob.ve\/index.php\/wp-json\/wp\/v2\/media?parent=16382"}],"wp:term":[{"taxonomy":"category","embeddable":true,"href":"https:\/\/prensapresidencialvenezuela.gob.ve\/index.php\/wp-json\/wp\/v2\/categories?post=16382"},{"taxonomy":"post_tag","embeddable":true,"href":"https:\/\/prensapresidencialvenezuela.gob.ve\/index.php\/wp-json\/wp\/v2\/tags?post=16382"}],"curies":[{"name":"wp","href":"https:\/\/api.w.org\/{rel}","templated":true}]}}