{"id":16389,"date":"2025-01-13T16:22:57","date_gmt":"2025-01-13T20:22:57","guid":{"rendered":"https:\/\/prensapresidencialvenezuela.gob.ve\/?p=16389"},"modified":"2025-01-13T16:48:18","modified_gmt":"2025-01-13T20:48:18","slug":"presidente-maduro-honra-la-memoria-de-isaias-rodriguez-en-capilla-ardiente-en-la-an","status":"publish","type":"post","link":"https:\/\/prensapresidencialvenezuela.gob.ve\/index.php\/2025\/01\/13\/presidente-maduro-honra-la-memoria-de-isaias-rodriguez-en-capilla-ardiente-en-la-an\/","title":{"rendered":"Presidente Maduro rinde homenaje p\u00f3stumo al excelent\u00edsimo se\u00f1or Isa\u00edas Rodr\u00edguez"},"content":{"rendered":"\n<p><strong>Asamblea Nacional, Caracas.<\/strong>&#8211; En capilla ardiente instalada en el Hemiciclo Protocolar de la Asamblea Nacional, en Caracas, Isa\u00edas Rodr\u00edguez recibe honores por parte del presidente constitucional de la Rep\u00fablica Bolivariana de Venezuela, Nicol\u00e1s Maduro, quien destac\u00f3 el legado y compromiso con las causas del pueblo venezolano del insigne hombre de la Patria bolivariana. <\/p>\n\n\n\n<p>En un emotivo mensaje a trav\u00e9s de sus redes sociales, en horas de la tarde de este domingo 12 de enero, el Dignatario venezolano describi\u00f3 a Rodr\u00edguez como un \u00abrevolucionario valiente y gran hombre, abogado, poeta, defensor de los trabajadores, intachable, leal y consecuente con las causas justas del pueblo venezolano\u00bb.<\/p>\n\n\n\n<p>Isa\u00edas Rodr\u00edguez fue un insigne constituyente en las asambleas de 1999 y 2017, y jug\u00f3 un papel crucial en la redacci\u00f3n de art\u00edculos y cap\u00edtulos fundamentales de la Constituci\u00f3n venezolana.<\/p>\n\n\n\n<p>En diciembre de 1999 fue nombrado como el primer vicepresidente de la Naci\u00f3n bajo la nueva Constituci\u00f3n, cargo que ocupar\u00eda hasta final del a\u00f1o 2000. Tambi\u00e9n se destac\u00f3 en su desempe\u00f1o como diplom\u00e1tico en Espa\u00f1a e Italia, entre los a\u00f1os 2009 \u2013 2011 y 2011-2019, respectivamente, contribuyendo a fortalecer las relaciones internacionales y la pol\u00edtica exterior venezolana.<\/p>\n\n\n\n<p>Uno de los momentos m\u00e1s significativos de su carrera fue durante el golpe de Estado del 11 de abril de 2002, donde Rodr\u00edguez se convirti\u00f3 en una voz firme contra aquellos que se impusieron, por medio del enga\u00f1o, en el poder pol\u00edtico por 48 horas.<\/p>\n\n\n\n<p>Rodr\u00edguez, con una astucia revolucionaria, convoc\u00f3 a una rueda de prensa en la que supuestamente presentar\u00eda de forma oficial su renuncia, y en ese momento denunci\u00f3 la situaci\u00f3n que result\u00f3 determinante para avivar la resistencia bolivariana y restablecer la institucionalidad.<\/p>\n\n\n\n<p>Los actos f\u00fanebres estar\u00e1n encabezados por el presidente, Nicol\u00e1s Maduro Moros; la vicepresidenta ejecutiva, Delcy Rodr\u00edguez; y el presidente de la Asamblea Nacional, Jorge Rodr\u00edguez, quienes tambi\u00e9n rendir\u00e1n tributo a la memoria de un hombre que dej\u00f3 una huella imborrable en la historia reciente de Venezuela.<\/p>\n\n\n\n<p>La vida y compromiso de Isa\u00edas Rodr\u00edguez deja en alto la pol\u00edtica venezolana; su valent\u00eda y dedicaci\u00f3n a la causa revolucionaria ser\u00e1n siempre recordadas como un ejemplo de compromiso y lucha por la justicia y la soberan\u00eda de Venezuela.<\/p>\n\n\n\n<p>Su legado perdurar\u00e1 en las luchas futuras y en la memoria colectiva del pueblo venezolano, inspirando a futuras generaciones a continuar su labor en defensa de la naci\u00f3n.<\/p>\n\n\n\n<p><strong>Prensa Presidencial\/ Eduardo Hueck<\/strong><\/p>\n","protected":false},"excerpt":{"rendered":"<p>Asamblea Nacional, Caracas.&#8211; En capilla ardiente instalada en el Hemiciclo Protocolar de la Asamblea Nacional, en Caracas, Isa\u00edas Rodr\u00edguez recibe honores por parte del presidente constitucional de la Rep\u00fablica Bolivariana de Venezuela, Nicol\u00e1s Maduro, quien destac\u00f3 el legado y compromiso con las causas del pueblo venezolano del insigne hombre de la Patria bolivariana. En un [&hellip;]<\/p>\n","protected":false},"author":1,"featured_media":16390,"comment_status":"open","ping_status":"open","sticky":false,"template":"","format":"standard","meta":{"footnotes":""},"categories":[18,7],"tags":[92,791,663],"class_list":["post-16389","post","type-post","status-publish","format-standard","has-post-thumbnail","hentry","category-noticias-principales","category-notas-de-prensa","tag-an","tag-homenaje","tag-presidente"],"_links":{"self":[{"href":"https:\/\/prensapresidencialvenezuela.gob.ve\/index.php\/wp-json\/wp\/v2\/posts\/16389","targetHints":{"allow":["GET"]}}],"collection":[{"href":"https:\/\/prensapresidencialvenezuela.gob.ve\/index.php\/wp-json\/wp\/v2\/posts"}],"about":[{"href":"https:\/\/prensapresidencialvenezuela.gob.ve\/index.php\/wp-json\/wp\/v2\/types\/post"}],"author":[{"embeddable":true,"href":"https:\/\/prensapresidencialvenezuela.gob.ve\/index.php\/wp-json\/wp\/v2\/users\/1"}],"replies":[{"embeddable":true,"href":"https:\/\/prensapresidencialvenezuela.gob.ve\/index.php\/wp-json\/wp\/v2\/comments?post=16389"}],"version-history":[{"count":2,"href":"https:\/\/prensapresidencialvenezuela.gob.ve\/index.php\/wp-json\/wp\/v2\/posts\/16389\/revisions"}],"predecessor-version":[{"id":16393,"href":"https:\/\/prensapresidencialvenezuela.gob.ve\/index.php\/wp-json\/wp\/v2\/posts\/16389\/revisions\/16393"}],"wp:featuredmedia":[{"embeddable":true,"href":"https:\/\/prensapresidencialvenezuela.gob.ve\/index.php\/wp-json\/wp\/v2\/media\/16390"}],"wp:attachment":[{"href":"https:\/\/prensapresidencialvenezuela.gob.ve\/index.php\/wp-json\/wp\/v2\/media?parent=16389"}],"wp:term":[{"taxonomy":"category","embeddable":true,"href":"https:\/\/prensapresidencialvenezuela.gob.ve\/index.php\/wp-json\/wp\/v2\/categories?post=16389"},{"taxonomy":"post_tag","embeddable":true,"href":"https:\/\/prensapresidencialvenezuela.gob.ve\/index.php\/wp-json\/wp\/v2\/tags?post=16389"}],"curies":[{"name":"wp","href":"https:\/\/api.w.org\/{rel}","templated":true}]}}