{"id":16397,"date":"2025-01-13T17:22:53","date_gmt":"2025-01-13T21:22:53","guid":{"rendered":"https:\/\/prensapresidencialvenezuela.gob.ve\/?p=16397"},"modified":"2025-01-13T17:22:54","modified_gmt":"2025-01-13T21:22:54","slug":"legado-de-isaias-rodriguez-fue-honrado-con-el-sable-victorioso-de-la-batalla-de-carabobo","status":"publish","type":"post","link":"https:\/\/prensapresidencialvenezuela.gob.ve\/index.php\/2025\/01\/13\/legado-de-isaias-rodriguez-fue-honrado-con-el-sable-victorioso-de-la-batalla-de-carabobo\/","title":{"rendered":"Legado de Isa\u00edas Rodr\u00edguez fue honrado con el Sable Victorioso de la Batalla de Carabobo"},"content":{"rendered":"\n<p><strong>Asamblea Nacional, Caracas.-<\/strong> En capilla ardiente instalada en el Hemiciclo Protocolar de la Asamblea Nacional, en Caracas, Isa\u00edas Rodr\u00edguez recibi\u00f3 honores por parte del presidente constitucional de la Rep\u00fablica Bolivariana de Venezuela, Nicol\u00e1s Maduro, quien destac\u00f3 su legado y su compromiso con las causas del pueblo venezolano.<\/p>\n\n\n\n<p>El jefe de Estado entreg\u00f3 a los familiares del Dr. Isa\u00edas Rodr\u00edguez la Condecoraci\u00f3n Post Mortem del Sable Victorioso de la Batalla de Carabobo.<\/p>\n\n\n\n<p><strong>Un legado de valent\u00eda y defensa de la Constituci\u00f3n<\/strong><\/p>\n\n\n\n<p>\u00abY como un gran espadach\u00edn enarbolando la luz de ese sable victorioso que hoy le he entregado, apareci\u00f3 Isa\u00edas como un rayo de luz a encender la insurrecci\u00f3n popular militar que rescat\u00f3 al comandante Ch\u00e1vez el 12 de abril en la noche y que permiti\u00f3 recuperar nuestra Constituci\u00f3n sin disparar un tiro. Astuto, audaz e inteligente, era el fiscal que en medio del golpe logr\u00f3 enga\u00f1ar a quienes lo llamaron para que apoyara el golpe, y de inmediato lanz\u00f3 en rueda de prensa: \u201cEl comandante Ch\u00e1vez fue visitado y se ha confirmado que est\u00e1 secuestrado ilegalmente. Hugo Ch\u00e1vez sigue siendo presidente de la Rep\u00fablica Bolivariana de Venezuela y debe ser liberado de manera inmediata\u201d. Ese d\u00eda naci\u00f3 el Isa\u00edas inmortal que hoy pasa a <a>otra vida para acompa\u00f1arnos por siempre\u00bb, expres\u00f3 el Presidente.<\/a><\/p>\n\n\n\n<p>\u00abEstamos despidiendo a un hombre de ideas elevadas, de filosof\u00eda profunda y clara. Se le podr\u00e1 conocer como el poeta, pero verdaderamente era un hombre humano. Nuestra generaci\u00f3n escuch\u00f3 de un tal Isa\u00edas Rodr\u00edguez, por los campos de Aragua y el centro del pa\u00eds, un hombre con grandes cualidades, abogado y brillante, que nunca cedi\u00f3 a las tentaciones de la injusticia ni del dinero, un hombre que era capaz de defender de manera entusiasta, particularmente, las causas del pueblo. Nosotros, j\u00f3venes luchadores que nos enfrentamos al r\u00e9gimen neoliberal y a toda aquella vor\u00e1gine impuesta por un pa\u00eds colonia que ten\u00edamos para entonces, la IV Rep\u00fablica colonial\u00bb, a\u00f1adi\u00f3 el Mandatario.<\/p>\n\n\n\n<p>En un emotivo cierre de la ceremonia, el Dignatario venezolano pidi\u00f3 a los presentes un minuto de aplausos para honrar la memoria de un hombre que dedic\u00f3 su vida a la justicia y el bienestar del pueblo, concluy\u00f3: \u00abMisi\u00f3n cumplida, gracias, Isa\u00edas\u00bb.<\/p>\n\n\n\n<p>En un momento donde el pa\u00eds sigue en avance y derrotando al fascismo que asedia la paz de Venezuela, el legado de Isa\u00edas Rodr\u00edguez se mantiene vivo, inspirando a nuevas generaciones a continuar la lucha.<\/p>\n\n\n\n<p><strong>Prensa Presidencial\/Luis Tavera<\/strong><\/p>\n","protected":false},"excerpt":{"rendered":"<p>Asamblea Nacional, Caracas.- En capilla ardiente instalada en el Hemiciclo Protocolar de la Asamblea Nacional, en Caracas, Isa\u00edas Rodr\u00edguez recibi\u00f3 honores por parte del presidente constitucional de la Rep\u00fablica Bolivariana de Venezuela, Nicol\u00e1s Maduro, quien destac\u00f3 su legado y su compromiso con las causas del pueblo venezolano. El jefe de Estado entreg\u00f3 a los familiares [&hellip;]<\/p>\n","protected":false},"author":1,"featured_media":16398,"comment_status":"open","ping_status":"open","sticky":false,"template":"","format":"standard","meta":{"footnotes":""},"categories":[18,7],"tags":[584,791,1207],"class_list":["post-16397","post","type-post","status-publish","format-standard","has-post-thumbnail","hentry","category-noticias-principales","category-notas-de-prensa","tag-carabobo","tag-homenaje","tag-sable"],"_links":{"self":[{"href":"https:\/\/prensapresidencialvenezuela.gob.ve\/index.php\/wp-json\/wp\/v2\/posts\/16397","targetHints":{"allow":["GET"]}}],"collection":[{"href":"https:\/\/prensapresidencialvenezuela.gob.ve\/index.php\/wp-json\/wp\/v2\/posts"}],"about":[{"href":"https:\/\/prensapresidencialvenezuela.gob.ve\/index.php\/wp-json\/wp\/v2\/types\/post"}],"author":[{"embeddable":true,"href":"https:\/\/prensapresidencialvenezuela.gob.ve\/index.php\/wp-json\/wp\/v2\/users\/1"}],"replies":[{"embeddable":true,"href":"https:\/\/prensapresidencialvenezuela.gob.ve\/index.php\/wp-json\/wp\/v2\/comments?post=16397"}],"version-history":[{"count":1,"href":"https:\/\/prensapresidencialvenezuela.gob.ve\/index.php\/wp-json\/wp\/v2\/posts\/16397\/revisions"}],"predecessor-version":[{"id":16399,"href":"https:\/\/prensapresidencialvenezuela.gob.ve\/index.php\/wp-json\/wp\/v2\/posts\/16397\/revisions\/16399"}],"wp:featuredmedia":[{"embeddable":true,"href":"https:\/\/prensapresidencialvenezuela.gob.ve\/index.php\/wp-json\/wp\/v2\/media\/16398"}],"wp:attachment":[{"href":"https:\/\/prensapresidencialvenezuela.gob.ve\/index.php\/wp-json\/wp\/v2\/media?parent=16397"}],"wp:term":[{"taxonomy":"category","embeddable":true,"href":"https:\/\/prensapresidencialvenezuela.gob.ve\/index.php\/wp-json\/wp\/v2\/categories?post=16397"},{"taxonomy":"post_tag","embeddable":true,"href":"https:\/\/prensapresidencialvenezuela.gob.ve\/index.php\/wp-json\/wp\/v2\/tags?post=16397"}],"curies":[{"name":"wp","href":"https:\/\/api.w.org\/{rel}","templated":true}]}}