{"id":16408,"date":"2025-01-13T21:19:31","date_gmt":"2025-01-14T01:19:31","guid":{"rendered":"https:\/\/prensapresidencialvenezuela.gob.ve\/?p=16408"},"modified":"2025-01-13T21:19:32","modified_gmt":"2025-01-14T01:19:32","slug":"presidente-maduro-vamos-ganando-la-batalla-cultural-contra-la-decadencia-occidental","status":"publish","type":"post","link":"https:\/\/prensapresidencialvenezuela.gob.ve\/index.php\/2025\/01\/13\/presidente-maduro-vamos-ganando-la-batalla-cultural-contra-la-decadencia-occidental\/","title":{"rendered":"Presidente Maduro: \u00abVamos ganando la batalla cultural contra la decadencia occidental\u00bb"},"content":{"rendered":"\n<p><strong>Palacio de Miraflores, Caracas.-<\/strong> En un acto celebrado en el sal\u00f3n Ayacucho del Palacio de Miraflores, el presidente de la Rep\u00fablica Bolivariana de Venezuela, Nicol\u00e1s Maduro, reafirm\u00f3 su compromiso con la cultura como pilar fundamental, para vencer la transculturizaci\u00f3n proveniente de Occidente.<\/p>\n\n\n\n<p>\u00abEs una batalla local, regional, nacional y global, es una batalla permanente de todos los d\u00edas\u00bb, afirm\u00f3, al enfatizar la importancia de enfrentar \u00ablos antivalores de la decadente y fracasada posmodernidad y cultura occidental del Norte\u00bb.<\/p>\n\n\n\n<p>El presidente Maduro subray\u00f3 que la cultura es \u00abla mayor vacuna para nuestros ni\u00f1os, para nuestras ni\u00f1as, para nuestra juventud, para nosotros mismos\u00bb, y llam\u00f3 a practicarla, para as\u00ed \u00abreivindicar nuestra identidad en cada detalle\u00bb.<\/p>\n\n\n\n<p>El Dignatario Nacional record\u00f3 que, a lo largo de la historia, todas las sociedades han generado culturas que reflejan los intereses de los poderosos, de las \u00e9lites, pero tambi\u00e9n destac\u00f3 la importancia de lo que denomin\u00f3 la \u00abcultura de la resistencia\u00bb, que ha surgido desde las profundidades de la humanidad, al se\u00f1alar que \u00abel Teatro Negro de Barlovento \u2014equipo cultural venezolano\u2014 nos muestra que tambi\u00e9n se genera el teatro, la m\u00fasica y la cultura, de la resistencia\u00bb.<\/p>\n\n\n\n<p>Al citar al Libertador Sim\u00f3n Bol\u00edvar y al ilustre pol\u00edtico Jos\u00e9 Mart\u00ed, para reforzar su visi\u00f3n internacionalista, subray\u00f3: \u00abPara nosotros la Patria es Am\u00e9rica y me siento ciudadano Nuestro Americano. Soy igual de Caracas, como soy de Buenos Aires, de M\u00e9xico o de Brasil, Nuestro Americano. Decirse bolivariano es sentirse de la causa americana y digo con Jos\u00e9 Mart\u00ed: \u201cPatria es humanidad\u00bb\u00bb.<\/p>\n\n\n\n<p>Asimismo, el l\u00edder venezolano rindi\u00f3 homenaje a figuras del arte y la cultura venezolana, al reconocer su papel en el rescate de la identidad nacional, al indicarles: \u00abUstedes han sido los hacedores del rescate de nuestra identidad (\u2026) Ustedes, en el tiempo del pa\u00eds, ausentes, olvidados, abandonados, resistieron con su canto, perseveraron para que viniera otro tiempo y ese tiempo ha llegado\u00bb.<\/p>\n\n\n\n<p>\u00abHagamos todo lo que tengamos que hacer para que nuestra identidad, nuestra cultura, nuestra fuerza espiritual, sea la que prevalezca por encima de cualquier dificultad\u00bb, instruy\u00f3 al equipo promotor de la Gran Misi\u00f3n Viva Venezuela mi Patria Querida.<\/p>\n\n\n\n<p>Este equipo est\u00e1 integrado por: Iv\u00e1n P\u00e9rez Rossi, Luisana P\u00e9rez, Francisco Pacheco, Javier Mar\u00edn, Amaranta P\u00e9rez, Noel M\u00e1rquez, Lisbeth Villalba, Juan Escalona, Ana Cecilia Loyo, Benito Irady, Sol Mussett de Primera y el ministro del Poder Popular para la Cultura, Ernesto Villegas.<\/p>\n\n\n\n<p><strong>50 a\u00f1os del Credo de Aquiles Nazoa<\/strong><\/p>\n\n\n\n<p>El Jefe de estado venezolano, durante la actividad con las cultoras y cultores, inst\u00f3 a celebrar el 50.\u00b0 Aniversario del <em>Credo<\/em> de Aquiles Nazoa, al proponer que \u00abtodos los ni\u00f1os de todas las escuelas reciten el <em>Credo<\/em> y act\u00faen en obras de teatro\u00bb.<\/p>\n\n\n\n<p>\u00abEl <em>Credo<\/em> resume en buena medida ese poder que necesitamos para trascender y avanzar hacia un nuevo modelo de sociedad, hacia una <a><\/a>nueva situaci\u00f3n espiritual de nuestro pa\u00eds y de la humanidad\u00bb, sostuvo.<\/p>\n\n\n\n<p>Previamente asever\u00f3: \u00abTenemos pa\u00eds, tenemos obra, tenemos cultura, tenemos pueblo y tenemos derecho al futuro y nada ni nadie nos lo quitar\u00e1 jam\u00e1s\u00bb, y felicit\u00f3 al equipo organizador, a quienes fueron galardonados junto al jurado de las distintas menciones, por el arduo trabajo del evento cultural.<\/p>\n\n\n\n<p><strong>Prensa Presidencial \/ Eduardo Hueck<\/strong><\/p>\n","protected":false},"excerpt":{"rendered":"<p>Palacio de Miraflores, Caracas.- En un acto celebrado en el sal\u00f3n Ayacucho del Palacio de Miraflores, el presidente de la Rep\u00fablica Bolivariana de Venezuela, Nicol\u00e1s Maduro, reafirm\u00f3 su compromiso con la cultura como pilar fundamental, para vencer la transculturizaci\u00f3n proveniente de Occidente. \u00abEs una batalla local, regional, nacional y global, es una batalla permanente de [&hellip;]<\/p>\n","protected":false},"author":1,"featured_media":16409,"comment_status":"open","ping_status":"open","sticky":false,"template":"","format":"standard","meta":{"footnotes":""},"categories":[18,7],"tags":[685,460],"class_list":["post-16408","post","type-post","status-publish","format-standard","has-post-thumbnail","hentry","category-noticias-principales","category-notas-de-prensa","tag-batalla","tag-cultura"],"_links":{"self":[{"href":"https:\/\/prensapresidencialvenezuela.gob.ve\/index.php\/wp-json\/wp\/v2\/posts\/16408","targetHints":{"allow":["GET"]}}],"collection":[{"href":"https:\/\/prensapresidencialvenezuela.gob.ve\/index.php\/wp-json\/wp\/v2\/posts"}],"about":[{"href":"https:\/\/prensapresidencialvenezuela.gob.ve\/index.php\/wp-json\/wp\/v2\/types\/post"}],"author":[{"embeddable":true,"href":"https:\/\/prensapresidencialvenezuela.gob.ve\/index.php\/wp-json\/wp\/v2\/users\/1"}],"replies":[{"embeddable":true,"href":"https:\/\/prensapresidencialvenezuela.gob.ve\/index.php\/wp-json\/wp\/v2\/comments?post=16408"}],"version-history":[{"count":1,"href":"https:\/\/prensapresidencialvenezuela.gob.ve\/index.php\/wp-json\/wp\/v2\/posts\/16408\/revisions"}],"predecessor-version":[{"id":16410,"href":"https:\/\/prensapresidencialvenezuela.gob.ve\/index.php\/wp-json\/wp\/v2\/posts\/16408\/revisions\/16410"}],"wp:featuredmedia":[{"embeddable":true,"href":"https:\/\/prensapresidencialvenezuela.gob.ve\/index.php\/wp-json\/wp\/v2\/media\/16409"}],"wp:attachment":[{"href":"https:\/\/prensapresidencialvenezuela.gob.ve\/index.php\/wp-json\/wp\/v2\/media?parent=16408"}],"wp:term":[{"taxonomy":"category","embeddable":true,"href":"https:\/\/prensapresidencialvenezuela.gob.ve\/index.php\/wp-json\/wp\/v2\/categories?post=16408"},{"taxonomy":"post_tag","embeddable":true,"href":"https:\/\/prensapresidencialvenezuela.gob.ve\/index.php\/wp-json\/wp\/v2\/tags?post=16408"}],"curies":[{"name":"wp","href":"https:\/\/api.w.org\/{rel}","templated":true}]}}