{"id":16417,"date":"2025-01-15T16:40:02","date_gmt":"2025-01-15T20:40:02","guid":{"rendered":"https:\/\/prensapresidencialvenezuela.gob.ve\/?p=16417"},"modified":"2025-01-15T16:40:03","modified_gmt":"2025-01-15T20:40:03","slug":"presidente-maduro-ofrece-mensaje-anual-a-la-nacion-con-respaldo-irrestricto-del-pueblo","status":"publish","type":"post","link":"https:\/\/prensapresidencialvenezuela.gob.ve\/index.php\/2025\/01\/15\/presidente-maduro-ofrece-mensaje-anual-a-la-nacion-con-respaldo-irrestricto-del-pueblo\/","title":{"rendered":"Presidente Maduro ofrece mensaje anual a la Naci\u00f3n con respaldo irrestricto del pueblo"},"content":{"rendered":"\n<p><strong>Palacio de Miraflores, Caracas.-<\/strong> El presidente Constitucional de la Rep\u00fablica Bolivariana de Venezuela, Nicol\u00e1s Maduro, fue recibido por una multitud entusiasta en el ic\u00f3nico Teatro Teresa Carre\u00f1o, en donde se celebr\u00f3 la reuni\u00f3n de su mensaje anual a la Naci\u00f3n, como lo establece el art\u00edculo 237 de la Constituci\u00f3n Bolivariana.<\/p>\n\n\n\n<p>En un encuentro que simboliza la conexi\u00f3n entre el gobierno y el pueblo, el Mandatario nacional lleg\u00f3 acompa\u00f1ado de diputados y diputadas a la Asamblea Nacional, preparado para rendir cuentas sobre la gesti\u00f3n del a\u00f1o precedente.<\/p>\n\n\n\n<p>La recepci\u00f3n del Presidente fue realzada con la agrupaci\u00f3n de Parada para Honores Presidenciales y con un acto cultural que reflej\u00f3 la riqueza y diversidad de la identidad venezolana, creando un ambiente de celebraci\u00f3n y unidad.<\/p>\n\n\n\n<p>Posteriormente, el jefe de Estado se dirigi\u00f3 a la Sala R\u00edos Reyna, donde se llev\u00f3 a cabo el acto formal, destacando el compromiso del Gobierno con la transparencia y la rendici\u00f3n de cuentas ante el pa\u00eds.<\/p>\n\n\n\n<p>Este esfuerzo forma parte del proceso continuo de priorizar la voz del pueblo en el espacio pol\u00edtico, para reafirmar el enfoque socialista que gu\u00eda a la Revoluci\u00f3n Bolivariana.<\/p>\n\n\n\n<p>El evento cuenta con la presencia de representantes del Estado, incluyendo el Cuerpo Diplom\u00e1tico acreditado en Venezuela, gobernadores, miembros del gabinete ministerial y vicepresidentes sectoriales, as\u00ed como l\u00edderes de Misiones y Grandes Misiones, y el Alto Mando Militar.<\/p>\n\n\n\n<p>El mensaje anual a la Naci\u00f3n\u00a0 no s\u00f3lo representa un acto formal de auditor\u00eda p\u00fablica, sino tambi\u00e9n una reafirmaci\u00f3n del liderazgo transformador del presidente Maduro y un llamado a la acci\u00f3n para continuar avanzando en la consolidaci\u00f3n de la justicia social y la defensa de la Patria frente a los embates del imperialismo.<\/p>\n\n\n\n<p>En este contexto, el pueblo venezolano se alza una vez m\u00e1s como protagonista junto a su Presidente Pueblo para enaltecer su propia historia, apoyando a la Revoluci\u00f3n Bolivariana en la lucha constante por la soberan\u00eda y la dignidad nacional, y demostrando que, a pesar de los desaf\u00edos, la ruta bolivariana sigue firme en su prop\u00f3sito de construir una Venezuela libre y justa.<\/p>\n\n\n\n<p><strong>Prensa Presidencial\/ Luis Tavera<\/strong><\/p>\n","protected":false},"excerpt":{"rendered":"<p>Palacio de Miraflores, Caracas.- El presidente Constitucional de la Rep\u00fablica Bolivariana de Venezuela, Nicol\u00e1s Maduro, fue recibido por una multitud entusiasta en el ic\u00f3nico Teatro Teresa Carre\u00f1o, en donde se celebr\u00f3 la reuni\u00f3n de su mensaje anual a la Naci\u00f3n, como lo establece el art\u00edculo 237 de la Constituci\u00f3n Bolivariana. En un encuentro que simboliza [&hellip;]<\/p>\n","protected":false},"author":1,"featured_media":16418,"comment_status":"open","ping_status":"open","sticky":false,"template":"","format":"standard","meta":{"footnotes":""},"categories":[18,7],"tags":[30,19,557,451,27,20],"class_list":["post-16417","post","type-post","status-publish","format-standard","has-post-thumbnail","hentry","category-noticias-principales","category-notas-de-prensa","tag-destacado","tag-nicolas-maduro","tag-paz","tag-pueblo","tag-revolucion-bolivariana","tag-venezuela"],"_links":{"self":[{"href":"https:\/\/prensapresidencialvenezuela.gob.ve\/index.php\/wp-json\/wp\/v2\/posts\/16417","targetHints":{"allow":["GET"]}}],"collection":[{"href":"https:\/\/prensapresidencialvenezuela.gob.ve\/index.php\/wp-json\/wp\/v2\/posts"}],"about":[{"href":"https:\/\/prensapresidencialvenezuela.gob.ve\/index.php\/wp-json\/wp\/v2\/types\/post"}],"author":[{"embeddable":true,"href":"https:\/\/prensapresidencialvenezuela.gob.ve\/index.php\/wp-json\/wp\/v2\/users\/1"}],"replies":[{"embeddable":true,"href":"https:\/\/prensapresidencialvenezuela.gob.ve\/index.php\/wp-json\/wp\/v2\/comments?post=16417"}],"version-history":[{"count":1,"href":"https:\/\/prensapresidencialvenezuela.gob.ve\/index.php\/wp-json\/wp\/v2\/posts\/16417\/revisions"}],"predecessor-version":[{"id":16419,"href":"https:\/\/prensapresidencialvenezuela.gob.ve\/index.php\/wp-json\/wp\/v2\/posts\/16417\/revisions\/16419"}],"wp:featuredmedia":[{"embeddable":true,"href":"https:\/\/prensapresidencialvenezuela.gob.ve\/index.php\/wp-json\/wp\/v2\/media\/16418"}],"wp:attachment":[{"href":"https:\/\/prensapresidencialvenezuela.gob.ve\/index.php\/wp-json\/wp\/v2\/media?parent=16417"}],"wp:term":[{"taxonomy":"category","embeddable":true,"href":"https:\/\/prensapresidencialvenezuela.gob.ve\/index.php\/wp-json\/wp\/v2\/categories?post=16417"},{"taxonomy":"post_tag","embeddable":true,"href":"https:\/\/prensapresidencialvenezuela.gob.ve\/index.php\/wp-json\/wp\/v2\/tags?post=16417"}],"curies":[{"name":"wp","href":"https:\/\/api.w.org\/{rel}","templated":true}]}}