{"id":16420,"date":"2025-01-15T18:33:18","date_gmt":"2025-01-15T22:33:18","guid":{"rendered":"https:\/\/prensapresidencialvenezuela.gob.ve\/?p=16420"},"modified":"2025-01-15T18:55:01","modified_gmt":"2025-01-15T22:55:01","slug":"presidente-maduro-celebra-acuerdo-de-alto-al-fuego-entre-hamas-e-israel","status":"publish","type":"post","link":"https:\/\/prensapresidencialvenezuela.gob.ve\/index.php\/2025\/01\/15\/presidente-maduro-celebra-acuerdo-de-alto-al-fuego-entre-hamas-e-israel\/","title":{"rendered":"Presidente Maduro celebra acuerdo de alto al fuego entre Ham\u00e1s e Israel"},"content":{"rendered":"\n<p><strong>Teatro Teresa Carre\u00f1o, Caracas. &nbsp;&#8211;<\/strong> En su mensaje anual a la Naci\u00f3n, el presidente Constitucional de la Rep\u00fablica Bolivariana de Venezuela, Nicol\u00e1s Maduro, destac\u00f3 los recientes avances en el \u00e1mbito internacional, especialmente en el acuerdo de alto al fuego entre el movimiento de resistencia palestina Ham\u00e1s y el gobierno de Israel.<\/p>\n\n\n\n<p>\u201cAl entrar a este sal\u00f3n estaba viendo las noticias en Telesur, estaba viendo una buena noticia para la humanidad (\u2026) Se ha anunciado un acuerdo de alto al fuego y regularizaci\u00f3n de la guerra. Entre el movimiento de resistencia palestina Ham\u00e1s y el gobierno de Israel encabezado por Netanyahu\u201d, indic\u00f3.<\/p>\n\n\n\n<p>El Mandatario subray\u00f3 la importancia del acuerdo anunciado por el primer ministro de Qatar, Mohammed bin Abdulrahman Al Thani, a quien describi\u00f3 como gran amigo y resalt\u00f3 que tras \u00ablargas negociaciones y luego del dolor del genocidio que hemos sido testigos\u00bb, la naci\u00f3n venezolana celebra este acuerdo.<\/p>\n\n\n\n<p>\u201cDesde Venezuela saludamos el acuerdo de alto al fuego entre el movimiento de resistencia Ham\u00e1s de Palestina y el gobierno de Israel\u201d<\/p>\n\n\n\n<p>En esa l\u00ednea, enfatiz\u00f3 la necesidad de construir un futuro pac\u00edfico \u201cdeseamos que la humanidad entera se una para que se cumpla y se abran tiempos de paz, construcci\u00f3n, de justicia para el pueblo de Palestina, para los pueblos \u00e1rabes y para los pueblos del mundo\u201d.<\/p>\n\n\n\n<p>El Dignatario reiter\u00f3 el compromiso de Venezuela con los pueblos \u00e1rabes y palestinos, enviando un \u00abgran abrazo de hermandad\u00bb, asimismo,&nbsp; hizo un llamado a buscar el entendimiento y el respeto al derecho internacional.<\/p>\n\n\n\n<p>\u00abBusquemos el respeto a la vida y busquemos la paz en el mundo\u00bb, concluy\u00f3 el presidente, instando a la comunidad internacional a unirse en esta causa.<\/p>\n\n\n\n<p>Previamente a esta informaci\u00f3n el Presidente destac\u00f3 que &nbsp;\u00ab(\u2026) &nbsp;Comienzan cambios importantes en la humanidad y nosotros somos parte de la vanguardia de esos grandes. Nos lo ganamos, nos lo ganamos a pulso, con esfuerzo, con inteligencia, con valent\u00eda\u00bb.<\/p>\n\n\n\n<p><strong>Prensa Presidencial \/ Eduardo Hueck<\/strong><\/p>\n","protected":false},"excerpt":{"rendered":"<p>Teatro Teresa Carre\u00f1o, Caracas. &nbsp;&#8211; En su mensaje anual a la Naci\u00f3n, el presidente Constitucional de la Rep\u00fablica Bolivariana de Venezuela, Nicol\u00e1s Maduro, destac\u00f3 los recientes avances en el \u00e1mbito internacional, especialmente en el acuerdo de alto al fuego entre el movimiento de resistencia palestina Ham\u00e1s y el gobierno de Israel. \u201cAl entrar a este [&hellip;]<\/p>\n","protected":false},"author":1,"featured_media":16433,"comment_status":"open","ping_status":"open","sticky":false,"template":"","format":"standard","meta":{"footnotes":""},"categories":[18,7],"tags":[38,21,451,27,20],"class_list":["post-16420","post","type-post","status-publish","format-standard","has-post-thumbnail","hentry","category-noticias-principales","category-notas-de-prensa","tag-diplomacia-bolivariana-de-paz","tag-economia-venezolana","tag-pueblo","tag-revolucion-bolivariana","tag-venezuela"],"_links":{"self":[{"href":"https:\/\/prensapresidencialvenezuela.gob.ve\/index.php\/wp-json\/wp\/v2\/posts\/16420","targetHints":{"allow":["GET"]}}],"collection":[{"href":"https:\/\/prensapresidencialvenezuela.gob.ve\/index.php\/wp-json\/wp\/v2\/posts"}],"about":[{"href":"https:\/\/prensapresidencialvenezuela.gob.ve\/index.php\/wp-json\/wp\/v2\/types\/post"}],"author":[{"embeddable":true,"href":"https:\/\/prensapresidencialvenezuela.gob.ve\/index.php\/wp-json\/wp\/v2\/users\/1"}],"replies":[{"embeddable":true,"href":"https:\/\/prensapresidencialvenezuela.gob.ve\/index.php\/wp-json\/wp\/v2\/comments?post=16420"}],"version-history":[{"count":1,"href":"https:\/\/prensapresidencialvenezuela.gob.ve\/index.php\/wp-json\/wp\/v2\/posts\/16420\/revisions"}],"predecessor-version":[{"id":16422,"href":"https:\/\/prensapresidencialvenezuela.gob.ve\/index.php\/wp-json\/wp\/v2\/posts\/16420\/revisions\/16422"}],"wp:featuredmedia":[{"embeddable":true,"href":"https:\/\/prensapresidencialvenezuela.gob.ve\/index.php\/wp-json\/wp\/v2\/media\/16433"}],"wp:attachment":[{"href":"https:\/\/prensapresidencialvenezuela.gob.ve\/index.php\/wp-json\/wp\/v2\/media?parent=16420"}],"wp:term":[{"taxonomy":"category","embeddable":true,"href":"https:\/\/prensapresidencialvenezuela.gob.ve\/index.php\/wp-json\/wp\/v2\/categories?post=16420"},{"taxonomy":"post_tag","embeddable":true,"href":"https:\/\/prensapresidencialvenezuela.gob.ve\/index.php\/wp-json\/wp\/v2\/tags?post=16420"}],"curies":[{"name":"wp","href":"https:\/\/api.w.org\/{rel}","templated":true}]}}