{"id":16423,"date":"2025-01-15T18:46:45","date_gmt":"2025-01-15T22:46:45","guid":{"rendered":"https:\/\/prensapresidencialvenezuela.gob.ve\/?p=16423"},"modified":"2025-01-15T18:49:47","modified_gmt":"2025-01-15T22:49:47","slug":"presidente-maduro-2025-un-ano-para-seguir-afinando-suenos-comunes-y-construir-la-patria-grande","status":"publish","type":"post","link":"https:\/\/prensapresidencialvenezuela.gob.ve\/index.php\/2025\/01\/15\/presidente-maduro-2025-un-ano-para-seguir-afinando-suenos-comunes-y-construir-la-patria-grande\/","title":{"rendered":"Presidente Maduro: \u00ab2025, un a\u00f1o para seguir afinando sue\u00f1os comunes y construir la Patria Grande\u00bb"},"content":{"rendered":"\n<p><strong>Teatro Teresa Carre\u00f1o, Caracas.-<\/strong> \u00abEste es un a\u00f1o para seguir afinando los sue\u00f1os comunes y seguir construyendo con nuestras propias manos la \u00fanica garant\u00eda de \u00e9xito de todos estos a\u00f1os que hemos vivido, la Patria Grande, nuestra amada Rep\u00fablica Bolivariana de Venezuela\u00bb, as\u00ed lo destac\u00f3 el presidente de la Rep\u00fablica Bolivariana de Venezuela, Nicol\u00e1s Maduro Moros, durante la transmisi\u00f3n de su mensaje anual a la Naci\u00f3n.<\/p>\n\n\n\n<p>Asimismo, el jefe de Estado hizo \u00e9nfasis en que este a\u00f1o 2025 debe estar marcado por el encuentro, el reencuentro, la palabra, el di\u00e1logo, y por encima de todo, la convivencia, la tolerancia y la paz. <\/p>\n\n\n\n<p>En ocasiones anteriores, el Mandatario ha recordado al pa\u00eds que este nuevo mandato 2025-2031, estar\u00e1 direccionado en mantener la tranquilidad de la Naci\u00f3n,\u00a0garantizar la prosperidad y una democracia m\u00e1s fortalecida. Aunado a ello, este mi\u00e9rcoles, el Presidente reiter\u00f3 que una vez m\u00e1s se ha derrotado el odio, la intolerancia, el golpismo y el fascismo, y que esta es una victoria que le pertenece a toda Venezuela, por lo que subray\u00f3 que la derecha no pudo conducir a Venezuela a la violencia con sus planes desestabilizadores.<\/p>\n\n\n\n<p><strong>Gobierno democr\u00e1tico y constitucional para el periodo 2025-2031<\/strong><\/p>\n\n\n\n<p>Adem\u00e1s, el Dignatario se\u00f1al\u00f3 que el viernes 10 de enero de 2025 asumi\u00f3 el Gobierno democr\u00e1tico y constitucional para el periodo 2025-2031, en santa paz y constitucionalmente, un hijo y hombre del pueblo que se form\u00f3 con el pueblo, \u00aben las luchas diarias, y con el maestro m\u00e1s grande, el l\u00edder y maestro Hugo Rafael Ch\u00e1vez Fr\u00edas\u00bb.<\/p>\n\n\n\n<p>A\u00f1adi\u00f3 que ese d\u00eda fue la muestra del afianzamiento de los valores del patriotismo, la dignidad y del bolivarianismo que sembr\u00f3 en el pa\u00eds las ense\u00f1anzas de Cristo redentor, quien esparci\u00f3 en cada uno los valores de una nueva sociedad, el socialismo cristiano y bolivariano del siglo XXI. <\/p>\n\n\n\n<p>Esa l\u00ednea, recalc\u00f3 que \u00abel Gallo Pinto, jur\u00f3 y ha arrancado su periodo de Presidente de la Rep\u00fablica Bolivariana de Venezuela, para el bien de Venezuela, Am\u00e9rica Latina y el Caribe, de la paz, la estabilidad y de la uni\u00f3n\u00bb. <\/p>\n\n\n\n<p>El Mandatario venezolano tambi\u00e9n resalt\u00f3 que en esta misma fecha recibi\u00f3 el apoyo fervientemente patri\u00f3tico de la Fuerza Armada Nacional Bolivariana (FANB) y de las fuerzas policiales del pa\u00eds, destacando que \u00abel 10 de enero fue el d\u00eda de la consolidaci\u00f3n popular, militar, policial, al superar todas las amenazas y guerras psicol\u00f3gicas\u00bb. <\/p>\n\n\n\n<p><strong>Prensa Presidencial\/Irmary D\u00edaz<\/strong><\/p>\n","protected":false},"excerpt":{"rendered":"<p>Teatro Teresa Carre\u00f1o, Caracas.- \u00abEste es un a\u00f1o para seguir afinando los sue\u00f1os comunes y seguir construyendo con nuestras propias manos la \u00fanica garant\u00eda de \u00e9xito de todos estos a\u00f1os que hemos vivido, la Patria Grande, nuestra amada Rep\u00fablica Bolivariana de Venezuela\u00bb, as\u00ed lo destac\u00f3 el presidente de la Rep\u00fablica Bolivariana de Venezuela, Nicol\u00e1s Maduro [&hellip;]<\/p>\n","protected":false},"author":1,"featured_media":16429,"comment_status":"open","ping_status":"open","sticky":false,"template":"","format":"standard","meta":{"footnotes":""},"categories":[18,7],"tags":[38,19,451,27,20],"class_list":["post-16423","post","type-post","status-publish","format-standard","has-post-thumbnail","hentry","category-noticias-principales","category-notas-de-prensa","tag-diplomacia-bolivariana-de-paz","tag-nicolas-maduro","tag-pueblo","tag-revolucion-bolivariana","tag-venezuela"],"_links":{"self":[{"href":"https:\/\/prensapresidencialvenezuela.gob.ve\/index.php\/wp-json\/wp\/v2\/posts\/16423","targetHints":{"allow":["GET"]}}],"collection":[{"href":"https:\/\/prensapresidencialvenezuela.gob.ve\/index.php\/wp-json\/wp\/v2\/posts"}],"about":[{"href":"https:\/\/prensapresidencialvenezuela.gob.ve\/index.php\/wp-json\/wp\/v2\/types\/post"}],"author":[{"embeddable":true,"href":"https:\/\/prensapresidencialvenezuela.gob.ve\/index.php\/wp-json\/wp\/v2\/users\/1"}],"replies":[{"embeddable":true,"href":"https:\/\/prensapresidencialvenezuela.gob.ve\/index.php\/wp-json\/wp\/v2\/comments?post=16423"}],"version-history":[{"count":1,"href":"https:\/\/prensapresidencialvenezuela.gob.ve\/index.php\/wp-json\/wp\/v2\/posts\/16423\/revisions"}],"predecessor-version":[{"id":16425,"href":"https:\/\/prensapresidencialvenezuela.gob.ve\/index.php\/wp-json\/wp\/v2\/posts\/16423\/revisions\/16425"}],"wp:featuredmedia":[{"embeddable":true,"href":"https:\/\/prensapresidencialvenezuela.gob.ve\/index.php\/wp-json\/wp\/v2\/media\/16429"}],"wp:attachment":[{"href":"https:\/\/prensapresidencialvenezuela.gob.ve\/index.php\/wp-json\/wp\/v2\/media?parent=16423"}],"wp:term":[{"taxonomy":"category","embeddable":true,"href":"https:\/\/prensapresidencialvenezuela.gob.ve\/index.php\/wp-json\/wp\/v2\/categories?post=16423"},{"taxonomy":"post_tag","embeddable":true,"href":"https:\/\/prensapresidencialvenezuela.gob.ve\/index.php\/wp-json\/wp\/v2\/tags?post=16423"}],"curies":[{"name":"wp","href":"https:\/\/api.w.org\/{rel}","templated":true}]}}