{"id":16430,"date":"2025-01-15T18:54:01","date_gmt":"2025-01-15T22:54:01","guid":{"rendered":"https:\/\/prensapresidencialvenezuela.gob.ve\/?p=16430"},"modified":"2025-01-15T18:54:01","modified_gmt":"2025-01-15T22:54:01","slug":"venezuela-fortalece-la-fusion-popular-militar-policial-frente-al-fascismo","status":"publish","type":"post","link":"https:\/\/prensapresidencialvenezuela.gob.ve\/index.php\/2025\/01\/15\/venezuela-fortalece-la-fusion-popular-militar-policial-frente-al-fascismo\/","title":{"rendered":"Venezuela fortalece la fusi\u00f3n popular-militar-policial frente al fascismo"},"content":{"rendered":"\n<p><strong>Teatro Teresa Carre\u00f1o, Caracas .-<\/strong> En su mensaje anual a la Naci\u00f3n, el presidente de la Rep\u00fablica Bolivariana de Venezuela, Nicol\u00e1s Maduro, reafirm\u00f3 la fuerza de la fusi\u00f3n popular-militar-policial, un pilar fundamental en la defensa de la soberan\u00eda venezolana frente a las agresiones externas e internas. <\/p>\n\n\n\n<p>En un ambiente de unidad y respaldo popular, el Mandatario declar\u00f3: \u201cEl 10 de enero fue la consolidaci\u00f3n definitiva de la fusi\u00f3n popular-militar-policial, habiendo superado todas las amenazas, toda las guerras psicol\u00f3gicas y las mentiras\u201d. <\/p>\n\n\n\n<p>El Dignatario denunci\u00f3 las intenciones de injerencia por parte de actores internacionales, especialmente desde la Uni\u00f3n Europea. <\/p>\n\n\n\n<p>\u201cAquellos que pretenden imponer f\u00f3rmulas intervencionistas en Venezuela son herederos de aquellos que perpetraron genocidios contra m\u00e1s de 80 millones de ind\u00edgenas y que secuestraron a nuestros hermanos africanos y caribe\u00f1os. Esta es una obra de la \u00e9lite colonialista y esclavista. \u00a1No nos callaremos ante esta verdad!\u201d enfatiz\u00f3, reafirmando la postura antiimperialista del gobierno bolivariano. <\/p>\n\n\n\n<p>El Presidente tambi\u00e9n present\u00f3 informes sobre los esfuerzos de las fuerzas de seguridad del pa\u00eds frente a amenazas externas. \u201cM\u00e1s de 150 mercenarios, de 25 nacionalidades, est\u00e1n capturados, convictos y confesos, colaborando con la justicia venezolana.<\/p>\n\n\n\n<p>Este logro es el resultado de las labores de patrullaje y prevenci\u00f3n de nuestros cuerpos de seguridad\u201d, sostuvo. Adem\u00e1s, el jefe de Estado abord\u00f3 los recientes ataques cibern\u00e9ticos lanzados contra el pa\u00eds, indicando que \u201chubo un primer golpe de Estado ciberfascista en Venezuela entre los d\u00edas 28 y 30 de julio, utilizando redes sociales y sistemas electr\u00f3nicos para desestabilizar\u201d.<\/p>\n\n\n\n<p>Con firmeza, subray\u00f3 que gracias a la Constituci\u00f3n y el respeto por los derechos humanos, se logr\u00f3 controlar y derrotar el brote de odio y intolerancia.<\/p>\n\n\n\n<p>En un llamado a la esperanza, el Presidente proclam\u00f3: \u201cHemos consolidado 7 a\u00f1os de paz, construyendo una democracia que ha sido un verdadero desaf\u00edo, pero que se mantiene activa y poderosa. Hemos realizado 31 elecciones constitucionales y este a\u00f1o 2025 tendremos 10 m\u00e1s.\u201d <\/p>\n\n\n\n<p>Su mensaje resuena como un compromiso continuo con la soberan\u00eda y la justicia social, marcando un camino firme en la lucha contra el fascismo y a favor de la paz en Venezuela.<\/p>\n\n\n\n<p><strong>Prensa Presidencial \/ Luis Tavera<\/strong><\/p>\n","protected":false},"excerpt":{"rendered":"<p>Teatro Teresa Carre\u00f1o, Caracas .- En su mensaje anual a la Naci\u00f3n, el presidente de la Rep\u00fablica Bolivariana de Venezuela, Nicol\u00e1s Maduro, reafirm\u00f3 la fuerza de la fusi\u00f3n popular-militar-policial, un pilar fundamental en la defensa de la soberan\u00eda venezolana frente a las agresiones externas e internas. En un ambiente de unidad y respaldo popular, el [&hellip;]<\/p>\n","protected":false},"author":1,"featured_media":16431,"comment_status":"open","ping_status":"open","sticky":false,"template":"","format":"standard","meta":{"footnotes":""},"categories":[18,7],"tags":[38,21,19,27,20],"class_list":["post-16430","post","type-post","status-publish","format-standard","has-post-thumbnail","hentry","category-noticias-principales","category-notas-de-prensa","tag-diplomacia-bolivariana-de-paz","tag-economia-venezolana","tag-nicolas-maduro","tag-revolucion-bolivariana","tag-venezuela"],"_links":{"self":[{"href":"https:\/\/prensapresidencialvenezuela.gob.ve\/index.php\/wp-json\/wp\/v2\/posts\/16430","targetHints":{"allow":["GET"]}}],"collection":[{"href":"https:\/\/prensapresidencialvenezuela.gob.ve\/index.php\/wp-json\/wp\/v2\/posts"}],"about":[{"href":"https:\/\/prensapresidencialvenezuela.gob.ve\/index.php\/wp-json\/wp\/v2\/types\/post"}],"author":[{"embeddable":true,"href":"https:\/\/prensapresidencialvenezuela.gob.ve\/index.php\/wp-json\/wp\/v2\/users\/1"}],"replies":[{"embeddable":true,"href":"https:\/\/prensapresidencialvenezuela.gob.ve\/index.php\/wp-json\/wp\/v2\/comments?post=16430"}],"version-history":[{"count":1,"href":"https:\/\/prensapresidencialvenezuela.gob.ve\/index.php\/wp-json\/wp\/v2\/posts\/16430\/revisions"}],"predecessor-version":[{"id":16432,"href":"https:\/\/prensapresidencialvenezuela.gob.ve\/index.php\/wp-json\/wp\/v2\/posts\/16430\/revisions\/16432"}],"wp:featuredmedia":[{"embeddable":true,"href":"https:\/\/prensapresidencialvenezuela.gob.ve\/index.php\/wp-json\/wp\/v2\/media\/16431"}],"wp:attachment":[{"href":"https:\/\/prensapresidencialvenezuela.gob.ve\/index.php\/wp-json\/wp\/v2\/media?parent=16430"}],"wp:term":[{"taxonomy":"category","embeddable":true,"href":"https:\/\/prensapresidencialvenezuela.gob.ve\/index.php\/wp-json\/wp\/v2\/categories?post=16430"},{"taxonomy":"post_tag","embeddable":true,"href":"https:\/\/prensapresidencialvenezuela.gob.ve\/index.php\/wp-json\/wp\/v2\/tags?post=16430"}],"curies":[{"name":"wp","href":"https:\/\/api.w.org\/{rel}","templated":true}]}}