{"id":16434,"date":"2025-01-15T19:39:04","date_gmt":"2025-01-15T23:39:04","guid":{"rendered":"https:\/\/prensapresidencialvenezuela.gob.ve\/?p=16434"},"modified":"2025-01-15T19:39:05","modified_gmt":"2025-01-15T23:39:05","slug":"presidente-maduro-rechaza-llamados-a-invasion-militar-contra-venezuela","status":"publish","type":"post","link":"https:\/\/prensapresidencialvenezuela.gob.ve\/index.php\/2025\/01\/15\/presidente-maduro-rechaza-llamados-a-invasion-militar-contra-venezuela\/","title":{"rendered":"Presidente Maduro rechaza llamados a invasi\u00f3n militar contra Venezuela"},"content":{"rendered":"\n<p><strong>Teatro Teresa Carre\u00f1o, Caracas. &#8211;<\/strong> El Jefe de Estado y Gobierno, Nicol\u00e1s Maduro, hizo un firme llamado a la unidad del pueblo venezolano y rechaz\u00f3 categ\u00f3ricamente las incitaciones y declaraciones, por parte de opositores extremistas, a una invasi\u00f3n militar en contra de la Naci\u00f3n.<\/p>\n\n\n\n<p>\u00abAll\u00e1 aquellos sin raz\u00f3n desquiciados y desquiciadas del fascismo venezolano y el paramilitarismo colombiano que est\u00e1n llamando a una invasi\u00f3n militar de Venezuela, no saben lo que dicen\u00bb, afirm\u00f3.<\/p>\n\n\n\n<p>En su mensaje anual a la Naci\u00f3n, se refiri\u00f3 espec\u00edficamente a figuras como \u00c1lvaro Uribe, Iv\u00e1n Duque, Leopoldo L\u00f3pez y Mar\u00eda Corina Machado, quienes han instado a una intervenci\u00f3n militar en el pa\u00eds. <\/p>\n\n\n\n<p>\u00abLo cierto es que me sumo al clamor unitario, a la voz poderosa de toda la sociedad venezolana que ha rechazado el llamado a una invasi\u00f3n militar\u00bb, expres\u00f3 con determinaci\u00f3n. <\/p>\n\n\n\n<p>El Presidente tambi\u00e9n destac\u00f3 un cambio en el contexto mundial, al afirmar que \u00absuenan tambores de cambios en el mundo y nosotros marchamos a paso seguro en este mundo\u00bb. <\/p>\n\n\n\n<p>En este sentido, enfatiz\u00f3 que \u00aben este mundo nadie respeta a los cobardes, nadie respeta a los pusil\u00e1nimes\u00bb y con confianza en el futuro, Maduro subray\u00f3 que \u00abVenezuela unida en una sola voz se har\u00e1 respetar en los a\u00f1os que est\u00e1n por venir\u00bb y proyect\u00f3 una visi\u00f3n optimista para el pa\u00eds.<\/p>\n\n\n\n<p>\u00abVenezuela ser\u00e1 un pa\u00eds que brille en el firmamento Am\u00e9rica Latina, de un Caribe y de una humanidad que busca nuevos senderos, nuevos horizontes de paz, de cooperaci\u00f3n. Nos haremos respetar. Nos hemos hecho respetar levantando la cabeza\u00bb, destac\u00f3. <\/p>\n\n\n\n<p><strong>Prensa Presidencial \/ Eduardo Hueck<\/strong><\/p>\n","protected":false},"excerpt":{"rendered":"<p>Teatro Teresa Carre\u00f1o, Caracas. &#8211; El Jefe de Estado y Gobierno, Nicol\u00e1s Maduro, hizo un firme llamado a la unidad del pueblo venezolano y rechaz\u00f3 categ\u00f3ricamente las incitaciones y declaraciones, por parte de opositores extremistas, a una invasi\u00f3n militar en contra de la Naci\u00f3n. \u00abAll\u00e1 aquellos sin raz\u00f3n desquiciados y desquiciadas del fascismo venezolano y [&hellip;]<\/p>\n","protected":false},"author":1,"featured_media":16435,"comment_status":"open","ping_status":"open","sticky":false,"template":"","format":"standard","meta":{"footnotes":""},"categories":[18,7],"tags":[38,19,451,20],"class_list":["post-16434","post","type-post","status-publish","format-standard","has-post-thumbnail","hentry","category-noticias-principales","category-notas-de-prensa","tag-diplomacia-bolivariana-de-paz","tag-nicolas-maduro","tag-pueblo","tag-venezuela"],"_links":{"self":[{"href":"https:\/\/prensapresidencialvenezuela.gob.ve\/index.php\/wp-json\/wp\/v2\/posts\/16434","targetHints":{"allow":["GET"]}}],"collection":[{"href":"https:\/\/prensapresidencialvenezuela.gob.ve\/index.php\/wp-json\/wp\/v2\/posts"}],"about":[{"href":"https:\/\/prensapresidencialvenezuela.gob.ve\/index.php\/wp-json\/wp\/v2\/types\/post"}],"author":[{"embeddable":true,"href":"https:\/\/prensapresidencialvenezuela.gob.ve\/index.php\/wp-json\/wp\/v2\/users\/1"}],"replies":[{"embeddable":true,"href":"https:\/\/prensapresidencialvenezuela.gob.ve\/index.php\/wp-json\/wp\/v2\/comments?post=16434"}],"version-history":[{"count":1,"href":"https:\/\/prensapresidencialvenezuela.gob.ve\/index.php\/wp-json\/wp\/v2\/posts\/16434\/revisions"}],"predecessor-version":[{"id":16436,"href":"https:\/\/prensapresidencialvenezuela.gob.ve\/index.php\/wp-json\/wp\/v2\/posts\/16434\/revisions\/16436"}],"wp:featuredmedia":[{"embeddable":true,"href":"https:\/\/prensapresidencialvenezuela.gob.ve\/index.php\/wp-json\/wp\/v2\/media\/16435"}],"wp:attachment":[{"href":"https:\/\/prensapresidencialvenezuela.gob.ve\/index.php\/wp-json\/wp\/v2\/media?parent=16434"}],"wp:term":[{"taxonomy":"category","embeddable":true,"href":"https:\/\/prensapresidencialvenezuela.gob.ve\/index.php\/wp-json\/wp\/v2\/categories?post=16434"},{"taxonomy":"post_tag","embeddable":true,"href":"https:\/\/prensapresidencialvenezuela.gob.ve\/index.php\/wp-json\/wp\/v2\/tags?post=16434"}],"curies":[{"name":"wp","href":"https:\/\/api.w.org\/{rel}","templated":true}]}}