{"id":16437,"date":"2025-01-15T20:04:07","date_gmt":"2025-01-16T00:04:07","guid":{"rendered":"https:\/\/prensapresidencialvenezuela.gob.ve\/?p=16437"},"modified":"2025-01-15T20:04:08","modified_gmt":"2025-01-16T00:04:08","slug":"consulta-popular-de-proyectos-comunitarios-se-efectuara-el-proximo-2-de-febrero","status":"publish","type":"post","link":"https:\/\/prensapresidencialvenezuela.gob.ve\/index.php\/2025\/01\/15\/consulta-popular-de-proyectos-comunitarios-se-efectuara-el-proximo-2-de-febrero\/","title":{"rendered":"Consulta popular de proyectos comunitarios se efectuar\u00e1 el pr\u00f3ximo 2 de febrero"},"content":{"rendered":"\n<p><strong>Teatro Teresa Carre\u00f1o, Caracas.- <\/strong>El presidente de la Rep\u00fablica Bolivariana de Venezuela, Nicol\u00e1s Maduro Moros, anunci\u00f3 que la primera consulta popular nacional se realizar\u00e1 el 2 de febrero del presente a\u00f1o, con el objetivo de consolidar el Poder Popular, la democracia participa y directa en las comunidades.<\/p>\n\n\n\n<p>Asimismo, agreg\u00f3 que este a\u00f1o se efectuar\u00e1n en s\u00ed, seis consultas populares en las que se elegir\u00e1n los proyectos que hayan sido previamente evaluados y discutidos desde las bases.<\/p>\n\n\n\n<p>En este contexto, el jefe de Estado resalt\u00f3 que esta primera elecci\u00f3n popular se efectuar\u00e1 el 2 de febrero, en homenaje a los 26 a\u00f1os de la llegada del Comandante Ch\u00e1vez a la presidencia constitucional de Venezuela.<\/p>\n\n\n\n<p>Por otra parte, el Mandatario a\u00f1adi\u00f3 que entre las consultas a realizar est\u00e1 un proyecto para la juventud y la cultura, por lo que instruy\u00f3 al ministro del Poder Popular para las Comunas y Movimientos Sociales, \u00c1ngel Prado y al ministro del Poder Popular para la Cultura, Ernesto Villegas, mantenerse pendientes del proceso que se ejecutar\u00e1 a trav\u00e9s de la democracia comunal y directa en los 5 mil 297 circuitos comunales del pa\u00eds.<\/p>\n\n\n\n<p><strong>Victorias populares de Venezuela<\/strong><\/p>\n\n\n\n<p>El Presidente enfatiz\u00f3 que el gran Bloque hist\u00f3rico, bolivariano y popular, ha obtenido la victoria en 29 elecciones, y a su vez, mencion\u00f3 que en este 2025, como parte de la historia que ha forjado la revoluci\u00f3n, se realizar\u00e1n diez comicios electorales, de los cuales seis son populares, tres de alcald\u00edas, gobernaciones y concejos municipales, y la \u00faltima, la reforma constitucional.<\/p>\n\n\n\n<p>Como parte del mensaje anual, el Comandante en Jefe de la FANB rememor\u00f3 que Venezuela ya lleva siete refer\u00e9ndum, incluyendo el de la reivindicaci\u00f3n de los derechos hist\u00f3ricos sobre la Guayana Esequiba, en diciembre de 2023. <\/p>\n\n\n\n<p><strong>Prensa Presidencial\/Irmary D\u00edaz<\/strong><\/p>\n","protected":false},"excerpt":{"rendered":"<p>Teatro Teresa Carre\u00f1o, Caracas.- El presidente de la Rep\u00fablica Bolivariana de Venezuela, Nicol\u00e1s Maduro Moros, anunci\u00f3 que la primera consulta popular nacional se realizar\u00e1 el 2 de febrero del presente a\u00f1o, con el objetivo de consolidar el Poder Popular, la democracia participa y directa en las comunidades. Asimismo, agreg\u00f3 que este a\u00f1o se efectuar\u00e1n en [&hellip;]<\/p>\n","protected":false},"author":1,"featured_media":16438,"comment_status":"open","ping_status":"open","sticky":false,"template":"","format":"standard","meta":{"footnotes":""},"categories":[18,7],"tags":[19,451,27,20],"class_list":["post-16437","post","type-post","status-publish","format-standard","has-post-thumbnail","hentry","category-noticias-principales","category-notas-de-prensa","tag-nicolas-maduro","tag-pueblo","tag-revolucion-bolivariana","tag-venezuela"],"_links":{"self":[{"href":"https:\/\/prensapresidencialvenezuela.gob.ve\/index.php\/wp-json\/wp\/v2\/posts\/16437","targetHints":{"allow":["GET"]}}],"collection":[{"href":"https:\/\/prensapresidencialvenezuela.gob.ve\/index.php\/wp-json\/wp\/v2\/posts"}],"about":[{"href":"https:\/\/prensapresidencialvenezuela.gob.ve\/index.php\/wp-json\/wp\/v2\/types\/post"}],"author":[{"embeddable":true,"href":"https:\/\/prensapresidencialvenezuela.gob.ve\/index.php\/wp-json\/wp\/v2\/users\/1"}],"replies":[{"embeddable":true,"href":"https:\/\/prensapresidencialvenezuela.gob.ve\/index.php\/wp-json\/wp\/v2\/comments?post=16437"}],"version-history":[{"count":1,"href":"https:\/\/prensapresidencialvenezuela.gob.ve\/index.php\/wp-json\/wp\/v2\/posts\/16437\/revisions"}],"predecessor-version":[{"id":16439,"href":"https:\/\/prensapresidencialvenezuela.gob.ve\/index.php\/wp-json\/wp\/v2\/posts\/16437\/revisions\/16439"}],"wp:featuredmedia":[{"embeddable":true,"href":"https:\/\/prensapresidencialvenezuela.gob.ve\/index.php\/wp-json\/wp\/v2\/media\/16438"}],"wp:attachment":[{"href":"https:\/\/prensapresidencialvenezuela.gob.ve\/index.php\/wp-json\/wp\/v2\/media?parent=16437"}],"wp:term":[{"taxonomy":"category","embeddable":true,"href":"https:\/\/prensapresidencialvenezuela.gob.ve\/index.php\/wp-json\/wp\/v2\/categories?post=16437"},{"taxonomy":"post_tag","embeddable":true,"href":"https:\/\/prensapresidencialvenezuela.gob.ve\/index.php\/wp-json\/wp\/v2\/tags?post=16437"}],"curies":[{"name":"wp","href":"https:\/\/api.w.org\/{rel}","templated":true}]}}