{"id":16440,"date":"2025-01-15T20:11:11","date_gmt":"2025-01-16T00:11:11","guid":{"rendered":"https:\/\/prensapresidencialvenezuela.gob.ve\/?p=16440"},"modified":"2025-01-15T20:11:12","modified_gmt":"2025-01-16T00:11:12","slug":"activan-nuevo-sistema-de-gobierno-comunal-para-el-periodo-constitucional-2025-2031","status":"publish","type":"post","link":"https:\/\/prensapresidencialvenezuela.gob.ve\/index.php\/2025\/01\/15\/activan-nuevo-sistema-de-gobierno-comunal-para-el-periodo-constitucional-2025-2031\/","title":{"rendered":"Activan Nuevo Sistema de Gobierno Comunal para el periodo constitucional 2025-2031"},"content":{"rendered":"\n<p><strong>Teatro Teresa Carre\u00f1o, Caracas.- <\/strong>Activar\u00e1n Nuevo Sistema de Gobierno Comunal para el periodo constitucional 2025-2031, con la finalidad de continuar gobernando junto al pueblo; as\u00ed lo dijo el presidente de la Rep\u00fablica Bolivariana de Venezuela, Nicol\u00e1s Maduro.<\/p>\n\n\n\n<p>Este anuncio fue realizado durante su mensaje anual a la Naci\u00f3n, en donde, adem\u00e1s, se\u00f1al\u00f3 que este nuevo sistema debe ir relacionado con la aceleraci\u00f3n de cada una de las 7 transformaciones que est\u00e1n establecidas en el plan de las 7T. <\/p>\n\n\n\n<p>El jefe de Estado hizo hincapi\u00e9 en que este 2025 ser\u00e1 un a\u00f1o con mucha auto exigencia, disciplina, trabajo y honestidad de todos los equipos que conforman al gabinete ministerial bolivariano. <\/p>\n\n\n\n<p>\u00abEstamos sobre los rieles de seguir creciendo y desarrollando nuestro aparato productivo venezolano, porque hemos logrado construir un nuevo mercado interno, con producci\u00f3n nacional\u00bb, afirm\u00f3 el Presidente. <\/p>\n\n\n\n<p>Asimismo, puntualiz\u00f3 que en estos a\u00f1os se han obtenido logros importantes en cuanto a la recuperaci\u00f3n econ\u00f3mica, bajo un nuevo modelo que ha permitido la recuperaci\u00f3n de las capacidades productivas del pa\u00eds. <\/p>\n\n\n\n<p><strong>Prensa Presidencial\/Irmary D\u00edaz<\/strong><\/p>\n","protected":false},"excerpt":{"rendered":"<p>Teatro Teresa Carre\u00f1o, Caracas.- Activar\u00e1n Nuevo Sistema de Gobierno Comunal para el periodo constitucional 2025-2031, con la finalidad de continuar gobernando junto al pueblo; as\u00ed lo dijo el presidente de la Rep\u00fablica Bolivariana de Venezuela, Nicol\u00e1s Maduro. Este anuncio fue realizado durante su mensaje anual a la Naci\u00f3n, en donde, adem\u00e1s, se\u00f1al\u00f3 que este nuevo [&hellip;]<\/p>\n","protected":false},"author":1,"featured_media":16441,"comment_status":"open","ping_status":"open","sticky":false,"template":"","format":"standard","meta":{"footnotes":""},"categories":[18,7],"tags":[38,21,27,20],"class_list":["post-16440","post","type-post","status-publish","format-standard","has-post-thumbnail","hentry","category-noticias-principales","category-notas-de-prensa","tag-diplomacia-bolivariana-de-paz","tag-economia-venezolana","tag-revolucion-bolivariana","tag-venezuela"],"_links":{"self":[{"href":"https:\/\/prensapresidencialvenezuela.gob.ve\/index.php\/wp-json\/wp\/v2\/posts\/16440","targetHints":{"allow":["GET"]}}],"collection":[{"href":"https:\/\/prensapresidencialvenezuela.gob.ve\/index.php\/wp-json\/wp\/v2\/posts"}],"about":[{"href":"https:\/\/prensapresidencialvenezuela.gob.ve\/index.php\/wp-json\/wp\/v2\/types\/post"}],"author":[{"embeddable":true,"href":"https:\/\/prensapresidencialvenezuela.gob.ve\/index.php\/wp-json\/wp\/v2\/users\/1"}],"replies":[{"embeddable":true,"href":"https:\/\/prensapresidencialvenezuela.gob.ve\/index.php\/wp-json\/wp\/v2\/comments?post=16440"}],"version-history":[{"count":1,"href":"https:\/\/prensapresidencialvenezuela.gob.ve\/index.php\/wp-json\/wp\/v2\/posts\/16440\/revisions"}],"predecessor-version":[{"id":16442,"href":"https:\/\/prensapresidencialvenezuela.gob.ve\/index.php\/wp-json\/wp\/v2\/posts\/16440\/revisions\/16442"}],"wp:featuredmedia":[{"embeddable":true,"href":"https:\/\/prensapresidencialvenezuela.gob.ve\/index.php\/wp-json\/wp\/v2\/media\/16441"}],"wp:attachment":[{"href":"https:\/\/prensapresidencialvenezuela.gob.ve\/index.php\/wp-json\/wp\/v2\/media?parent=16440"}],"wp:term":[{"taxonomy":"category","embeddable":true,"href":"https:\/\/prensapresidencialvenezuela.gob.ve\/index.php\/wp-json\/wp\/v2\/categories?post=16440"},{"taxonomy":"post_tag","embeddable":true,"href":"https:\/\/prensapresidencialvenezuela.gob.ve\/index.php\/wp-json\/wp\/v2\/tags?post=16440"}],"curies":[{"name":"wp","href":"https:\/\/api.w.org\/{rel}","templated":true}]}}