{"id":16456,"date":"2025-01-16T11:50:05","date_gmt":"2025-01-16T15:50:05","guid":{"rendered":"https:\/\/prensapresidencialvenezuela.gob.ve\/?p=16456"},"modified":"2025-01-16T14:09:07","modified_gmt":"2025-01-16T18:09:07","slug":"vicepresidencia-ejecutiva-liderara-la-gran-mision-vuelta-a-la-patria","status":"publish","type":"post","link":"https:\/\/prensapresidencialvenezuela.gob.ve\/index.php\/2025\/01\/16\/vicepresidencia-ejecutiva-liderara-la-gran-mision-vuelta-a-la-patria\/","title":{"rendered":"Vicepresidencia Ejecutiva liderar\u00e1 la Gran Misi\u00f3n Vuelta a la Patria"},"content":{"rendered":"\n<p><strong>Teatro Teresa Carre\u00f1o, Caracas.-<\/strong> En su mensaje anual a la Naci\u00f3n, el presidente de la Rep\u00fablica Bolivariana de Venezuela, Nicol\u00e1s Maduro, anunci\u00f3 la designaci\u00f3n de la vicepresidenta ejecutiva, Delcy Rodr\u00edguez, como l\u00edder de la Gran Misi\u00f3n Vuelta a la Patria, con el objetivo de darle una dimensi\u00f3n de Estado a esta iniciativa.<\/p>\n\n\n\n<p>\u00abEstamos preparados amorosamente para integrar a los migrantes venezolanos a donde nunca debieron salir\u00bb, expres\u00f3 el jefe de Estado, subrayando que a medida que se consolide la recuperaci\u00f3n econ\u00f3mica, Venezuela estar\u00e1 lista para recibir a los compatriotas que se vieron obligados a emigrar debido a la guerra econ\u00f3mica y las sanciones impuestas por el imperio norteamericano.<\/p>\n\n\n\n<p>El presidente Maduro inform\u00f3 que de los venezolanos que migraron durante los a\u00f1os 2018 y 2019, un mill\u00f3n 200 mil han regresado y est\u00e1n trabajando por el pa\u00eds. Este retorno masivo es un testimonio del compromiso del gobierno bolivariano con la recuperaci\u00f3n y el bienestar de su pueblo.<\/p>\n\n\n\n<p>Adem\u00e1s, el Mandatario instruy\u00f3 al ministro del Poder Popular para la Educaci\u00f3n, H\u00e9ctor Rodr\u00edguez, para garantizar que todos los ni\u00f1os y ni\u00f1as que regresen con sus padres migrantes tengan asegurado un cupo en las escuelas y universidades del pa\u00eds.<\/p>\n\n\n\n<p>\u00abQue sean lecciones y aprendizajes, Venezuela es una sola. Es tierra bendita y los espera\u00bb, asegur\u00f3 el Dignatario.<\/p>\n\n\n\n<p><strong>Prensa Presidencial\/Luis Tavera<br><\/strong><br><br><br><br><br><br><\/p>\n","protected":false},"excerpt":{"rendered":"<p>Teatro Teresa Carre\u00f1o, Caracas.- En su mensaje anual a la Naci\u00f3n, el presidente de la Rep\u00fablica Bolivariana de Venezuela, Nicol\u00e1s Maduro, anunci\u00f3 la designaci\u00f3n de la vicepresidenta ejecutiva, Delcy Rodr\u00edguez, como l\u00edder de la Gran Misi\u00f3n Vuelta a la Patria, con el objetivo de darle una dimensi\u00f3n de Estado a esta iniciativa. \u00abEstamos preparados amorosamente [&hellip;]<\/p>\n","protected":false},"author":1,"featured_media":16457,"comment_status":"open","ping_status":"open","sticky":false,"template":"","format":"standard","meta":{"footnotes":""},"categories":[18,7],"tags":[21,451,20],"class_list":["post-16456","post","type-post","status-publish","format-standard","has-post-thumbnail","hentry","category-noticias-principales","category-notas-de-prensa","tag-economia-venezolana","tag-pueblo","tag-venezuela"],"_links":{"self":[{"href":"https:\/\/prensapresidencialvenezuela.gob.ve\/index.php\/wp-json\/wp\/v2\/posts\/16456","targetHints":{"allow":["GET"]}}],"collection":[{"href":"https:\/\/prensapresidencialvenezuela.gob.ve\/index.php\/wp-json\/wp\/v2\/posts"}],"about":[{"href":"https:\/\/prensapresidencialvenezuela.gob.ve\/index.php\/wp-json\/wp\/v2\/types\/post"}],"author":[{"embeddable":true,"href":"https:\/\/prensapresidencialvenezuela.gob.ve\/index.php\/wp-json\/wp\/v2\/users\/1"}],"replies":[{"embeddable":true,"href":"https:\/\/prensapresidencialvenezuela.gob.ve\/index.php\/wp-json\/wp\/v2\/comments?post=16456"}],"version-history":[{"count":2,"href":"https:\/\/prensapresidencialvenezuela.gob.ve\/index.php\/wp-json\/wp\/v2\/posts\/16456\/revisions"}],"predecessor-version":[{"id":16462,"href":"https:\/\/prensapresidencialvenezuela.gob.ve\/index.php\/wp-json\/wp\/v2\/posts\/16456\/revisions\/16462"}],"wp:featuredmedia":[{"embeddable":true,"href":"https:\/\/prensapresidencialvenezuela.gob.ve\/index.php\/wp-json\/wp\/v2\/media\/16457"}],"wp:attachment":[{"href":"https:\/\/prensapresidencialvenezuela.gob.ve\/index.php\/wp-json\/wp\/v2\/media?parent=16456"}],"wp:term":[{"taxonomy":"category","embeddable":true,"href":"https:\/\/prensapresidencialvenezuela.gob.ve\/index.php\/wp-json\/wp\/v2\/categories?post=16456"},{"taxonomy":"post_tag","embeddable":true,"href":"https:\/\/prensapresidencialvenezuela.gob.ve\/index.php\/wp-json\/wp\/v2\/tags?post=16456"}],"curies":[{"name":"wp","href":"https:\/\/api.w.org\/{rel}","templated":true}]}}