{"id":16469,"date":"2025-01-16T19:20:43","date_gmt":"2025-01-16T23:20:43","guid":{"rendered":"https:\/\/prensapresidencialvenezuela.gob.ve\/?p=16469"},"modified":"2025-01-16T19:22:12","modified_gmt":"2025-01-16T23:22:12","slug":"presidente-maduro-el-maestro-luis-beltran-prieto-cultivo-los-valores-nobles-de-la-humildad","status":"publish","type":"post","link":"https:\/\/prensapresidencialvenezuela.gob.ve\/index.php\/2025\/01\/16\/presidente-maduro-el-maestro-luis-beltran-prieto-cultivo-los-valores-nobles-de-la-humildad\/","title":{"rendered":"Presidente Maduro: El maestro Lu\u00eds Beltr\u00e1n Prieto cultiv\u00f3 los valores nobles de la humildad"},"content":{"rendered":"\n<p><strong>Pante\u00f3n Nacional, Caracas-<\/strong> En un emotivo discurso, el presidente de la Rep\u00fablica Bolivariana de Venezuela, Nicol\u00e1s Maduro Moros, honr\u00f3 la memoria del maestro Luis Beltr\u00e1n Prieto Figueroa, resaltando su vida y legado como un ejemplo de humildad, sabidur\u00eda y compromiso con la educaci\u00f3n.<\/p>\n\n\n\n<p>Durante su intervenci\u00f3n, destac\u00f3 que \u00abcon la vida que le toc\u00f3 recorrer- al maestro Luis Beltr\u00e1n Prieto Figueroa &#8211; uno puede pasar por cualquier coyuntura, inclusive, estar en el lodazal y salir impoluto, limpio, si tiene los principios y la espiritualidad alta\u00bb.<\/p>\n\n\n\n<p>El Mandatario nacional subray\u00f3 que el maestro Beltr\u00e1n Prieto cultiv\u00f3 \u00ablos valores nobles de la humildad, la inteligencia popular y la audacia del pueblo margarite\u00f1o\u00bb.<\/p>\n\n\n\n<p>Record\u00f3 que el insigne hombre de la patria se apeg\u00f3 a la sabidur\u00eda popular, mostrando una profunda comprensi\u00f3n de los problemas complejos de la pol\u00edtica y la vida cotidiana.<\/p>\n\n\n\n<p>El Dignatario venezolano explic\u00f3 que, a veces, se busca entender a las grandes personalidades de la historia, s\u00f3lo desde la teor\u00eda, o los grandes eventos, pero con el maestro Beltr\u00e1n Prieto se puede \u00abreconciliar en una nueva forma de entender a nuestros grandes l\u00edderes desde lo humano, desde la humildad, desde la sencillez y desde la valent\u00eda\u00bb.<\/p>\n\n\n\n<p>Destac\u00f3 que, el tambi\u00e9n conocido como \u201cel maestro de maestros\u201d, fue un continuador del pensamiento pedag\u00f3gico de Sim\u00f3n Rodr\u00edguez y un reivindicador de Andr\u00e9s Bello.<\/p>\n\n\n\n<p>Como ministro de Educaci\u00f3n, bajo la presidencia del primer mandatario electo por voto popular, R\u00f3mulo Gallegos, destac\u00f3 que el maestro, firm\u00f3 importantes decretos que incluyeron la recopilaci\u00f3n completa de las obras de Sim\u00f3n Bol\u00edvar y de Andr\u00e9s Bello.<\/p>\n\n\n\n<p>\u00abHonor y gloria a Andr\u00e9s Bello. Honor y gloria a Sim\u00f3n Rodr\u00edguez por siempre\u00bb, exclam\u00f3 el Jefe de Estado, resaltando la necesidad de una educaci\u00f3n unificada desde las primeras edades.<\/p>\n\n\n\n<p>El Presidente record\u00f3 que Lu\u00eds Beltr\u00e1n Prieto Figueroa fue un defensor del concepto del Estado Docente, fundamentado en los ideales republicanos y libertadores.<\/p>\n\n\n\n<p>\u00abDefini\u00f3 que el Estado tiene la obligaci\u00f3n de garantizar la educaci\u00f3n p\u00fablica, gratuita, de calidad y propulsar constitucionalmente los valores de la sociedad que se quiere construir\u00bb, refiri\u00f3.<\/p>\n\n\n\n<p>Maduro expres\u00f3 su preocupaci\u00f3n por el rumbo que, a veces, toman algunos l\u00edderes al tener el poder pol\u00edtico, se\u00f1alando que \u00abda tristeza que hay gente que llega a posiciones de poder y se vuelve nada\u00bb.<\/p>\n\n\n\n<p>En esa l\u00ednea, enfatiz\u00f3 que quienes acceden al poder deben hacerlo con el prop\u00f3sito de \u00abhacer la revoluci\u00f3n\u00bb, y no olvidar los sue\u00f1os de justicia, libertad e independencia que han caracterizado a la Patria.<\/p>\n\n\n\n<p>\u00abSe olvida que uno llega al poder para construir patria con valent\u00eda, patriotismo y fortaleza moral\u00bb, agreg\u00f3.<\/p>\n\n\n\n<p>El presidente Maduro tambi\u00e9n destac\u00f3 que Beltr\u00e1n Prieto fue un pionero en la pedagog\u00eda de la liberaci\u00f3n en el siglo XX y lo compar\u00f3 con figuras emblem\u00e1ticas como Sim\u00f3n Rodr\u00edguez y Andr\u00e9s Bello.<\/p>\n\n\n\n<p>\u00abBeltr\u00e1n Prieto es Sim\u00f3n Rodr\u00edguez en el siglo XX, es Andr\u00e9s Bello en el siglo XX y finales del siglo XX, tuvo su disc\u00edpulo y lo pudimos ver brillar en el siglo XXI, Se nos fue muy temprano y sorpresivamente. Arist\u00f3bulo Ist\u00fariz.\u00bb, dijo, haciendo hincapi\u00e9 en la riqueza educativa que dej\u00f3 como legado.<\/p>\n\n\n\n<p>\u00abSi quieren buscar tesis pedag\u00f3gicas, si quieren buscar fuerza de lo que debe ser la calidad educativa, busqu\u00e9moslo en esas ra\u00edces\u00bb, inst\u00f3 el presidente, abogando por una nueva generaci\u00f3n de maestros y maestras que se nutran de este legado.<\/p>\n\n\n\n<p>El jefe de Estado se mostr\u00f3 emocionado por el homenaje ofrecido al maestro, en el Pante\u00f3n Nacional. Se\u00f1al\u00f3 que este tributo fue recibido con alegr\u00eda y patriotismo por sus colegas y el pueblo de Caracas.<\/p>\n\n\n\n<p>\u00abHan sido los maestros y maestras de Venezuela quienes han tra\u00eddo al maestro Prieto Figueroa al pante\u00f3n\u00bb, declar\u00f3, dando la bienvenida al educador al lugar que siempre debi\u00f3 ocupar.<\/p>\n\n\n\n<p>\u00abAqu\u00ed est\u00e1 maestro Beltr\u00e1n Prieto, al lado del Libertador, al lado de los h\u00e9roes de la Patria, puertas abiertas al maestro Prieto, bienvenido maestro. Al lugar donde siempre tuvo que estar. Luis Beltr\u00e1n Prieto Figueroa ha entrado al Pante\u00f3n Nacional, al Pante\u00f3n de la Patria. \u00a1Que viva la memoria eterna del maestro Prieto!\u00bb, subray\u00f3.<\/p>\n\n\n\n<p><strong>Prensa Presidencial \/ Eduardo Hueck<a><\/a><\/strong><\/p>\n","protected":false},"excerpt":{"rendered":"<p>Pante\u00f3n Nacional, Caracas- En un emotivo discurso, el presidente de la Rep\u00fablica Bolivariana de Venezuela, Nicol\u00e1s Maduro Moros, honr\u00f3 la memoria del maestro Luis Beltr\u00e1n Prieto Figueroa, resaltando su vida y legado como un ejemplo de humildad, sabidur\u00eda y compromiso con la educaci\u00f3n. Durante su intervenci\u00f3n, destac\u00f3 que \u00abcon la vida que le toc\u00f3 recorrer- [&hellip;]<\/p>\n","protected":false},"author":1,"featured_media":16471,"comment_status":"open","ping_status":"open","sticky":false,"template":"","format":"standard","meta":{"footnotes":""},"categories":[18,7],"tags":[460,63,693],"class_list":["post-16469","post","type-post","status-publish","format-standard","has-post-thumbnail","hentry","category-noticias-principales","category-notas-de-prensa","tag-cultura","tag-educacion","tag-legado"],"_links":{"self":[{"href":"https:\/\/prensapresidencialvenezuela.gob.ve\/index.php\/wp-json\/wp\/v2\/posts\/16469","targetHints":{"allow":["GET"]}}],"collection":[{"href":"https:\/\/prensapresidencialvenezuela.gob.ve\/index.php\/wp-json\/wp\/v2\/posts"}],"about":[{"href":"https:\/\/prensapresidencialvenezuela.gob.ve\/index.php\/wp-json\/wp\/v2\/types\/post"}],"author":[{"embeddable":true,"href":"https:\/\/prensapresidencialvenezuela.gob.ve\/index.php\/wp-json\/wp\/v2\/users\/1"}],"replies":[{"embeddable":true,"href":"https:\/\/prensapresidencialvenezuela.gob.ve\/index.php\/wp-json\/wp\/v2\/comments?post=16469"}],"version-history":[{"count":1,"href":"https:\/\/prensapresidencialvenezuela.gob.ve\/index.php\/wp-json\/wp\/v2\/posts\/16469\/revisions"}],"predecessor-version":[{"id":16470,"href":"https:\/\/prensapresidencialvenezuela.gob.ve\/index.php\/wp-json\/wp\/v2\/posts\/16469\/revisions\/16470"}],"wp:featuredmedia":[{"embeddable":true,"href":"https:\/\/prensapresidencialvenezuela.gob.ve\/index.php\/wp-json\/wp\/v2\/media\/16471"}],"wp:attachment":[{"href":"https:\/\/prensapresidencialvenezuela.gob.ve\/index.php\/wp-json\/wp\/v2\/media?parent=16469"}],"wp:term":[{"taxonomy":"category","embeddable":true,"href":"https:\/\/prensapresidencialvenezuela.gob.ve\/index.php\/wp-json\/wp\/v2\/categories?post=16469"},{"taxonomy":"post_tag","embeddable":true,"href":"https:\/\/prensapresidencialvenezuela.gob.ve\/index.php\/wp-json\/wp\/v2\/tags?post=16469"}],"curies":[{"name":"wp","href":"https:\/\/api.w.org\/{rel}","templated":true}]}}