{"id":16478,"date":"2025-01-18T18:32:31","date_gmt":"2025-01-18T22:32:31","guid":{"rendered":"https:\/\/prensapresidencialvenezuela.gob.ve\/?p=16478"},"modified":"2025-01-18T18:34:07","modified_gmt":"2025-01-18T22:34:07","slug":"venezuela-un-pais-que-seguira-brillando-en-el-firmamento-de-america-latina-y-el-caribe-afirma-el-presidente-maduro","status":"publish","type":"post","link":"https:\/\/prensapresidencialvenezuela.gob.ve\/index.php\/2025\/01\/18\/venezuela-un-pais-que-seguira-brillando-en-el-firmamento-de-america-latina-y-el-caribe-afirma-el-presidente-maduro\/","title":{"rendered":"\u00abVenezuela, un pa\u00eds que seguir\u00e1 brillando en el firmamento de Am\u00e9rica Latina y el Caribe\u00bb, afirma el presidente Maduro"},"content":{"rendered":"\n<p><\/p>\n\n\n\n<p>Palacio de Miraflores, Caracas.- A trav\u00e9s de la red social Instagram, el presidente de la Rep\u00fablica Bolivariana de Venezuela, Nicol\u00e1s Maduro Moros, reiter\u00f3 que Venezuela se mantendr\u00e1 en vanguardia para continuar defendiendo los derechos de la Naci\u00f3n, y que con certeza seguir\u00e1 siendo un pa\u00eds que \u00abbrille en el firmamento de Am\u00e9rica Latina y el Caribe\u00bb.<\/p>\n\n\n\n<p>El jefe de Estado tambi\u00e9n resalt\u00f3 en el texto descrito en su cuenta @nicolasmaduro, que la Naci\u00f3n continuar\u00e1 al frente para la construcci\u00f3n de una humanidad que busca nuevos senderos, y a su vez, enfatiz\u00f3 que har\u00e1 respetar en todo momento la paz y tranquilidad del pa\u00eds, porque a pesar de los constantes ataques que la derecha nacional e internacional ha gestado en contra de Venezuela, se ha derrotado el odio, la intolerancia, el golpismo y el fascismo.<\/p>\n\n\n\n<p>En esa misma l\u00ednea, el Mandatario declar\u00f3 con firmeza que la victoria siempre le pertenecer\u00e1 a Venezuela y que la Patria est\u00e1 dispuesta a defender la soberan\u00eda nacional en todos los escenarios.<\/p>\n\n\n\n<p>El Presidente ha demostrado su compromiso con el pueblo de Venezuela y su convicci\u00f3n de que la fortaleza y el coraje son fundamentales para hacer respetar las pol\u00edticas del Estado venezolano.<\/p>\n\n\n\n<p>Por \u00faltimo, el Dignatario inst\u00f3 al pueblo venezolano a mantenerse unidos y comprometidos con la Patria de Bol\u00edvar y Ch\u00e1vez para consolidar una nueva humanidad que busque horizontes de paz y cooperaci\u00f3n.<\/p>\n\n\n\n<p><strong>Prensa Presidencial\/ Irmary D\u00edaz<\/strong><\/p>\n","protected":false},"excerpt":{"rendered":"<p>Palacio de Miraflores, Caracas.- A trav\u00e9s de la red social Instagram, el presidente de la Rep\u00fablica Bolivariana de Venezuela, Nicol\u00e1s Maduro Moros, reiter\u00f3 que Venezuela se mantendr\u00e1 en vanguardia para continuar defendiendo los derechos de la Naci\u00f3n, y que con certeza seguir\u00e1 siendo un pa\u00eds que \u00abbrille en el firmamento de Am\u00e9rica Latina y el [&hellip;]<\/p>\n","protected":false},"author":1,"featured_media":16450,"comment_status":"open","ping_status":"open","sticky":false,"template":"","format":"standard","meta":{"footnotes":""},"categories":[18,7],"tags":[451,27,20],"class_list":["post-16478","post","type-post","status-publish","format-standard","has-post-thumbnail","hentry","category-noticias-principales","category-notas-de-prensa","tag-pueblo","tag-revolucion-bolivariana","tag-venezuela"],"_links":{"self":[{"href":"https:\/\/prensapresidencialvenezuela.gob.ve\/index.php\/wp-json\/wp\/v2\/posts\/16478","targetHints":{"allow":["GET"]}}],"collection":[{"href":"https:\/\/prensapresidencialvenezuela.gob.ve\/index.php\/wp-json\/wp\/v2\/posts"}],"about":[{"href":"https:\/\/prensapresidencialvenezuela.gob.ve\/index.php\/wp-json\/wp\/v2\/types\/post"}],"author":[{"embeddable":true,"href":"https:\/\/prensapresidencialvenezuela.gob.ve\/index.php\/wp-json\/wp\/v2\/users\/1"}],"replies":[{"embeddable":true,"href":"https:\/\/prensapresidencialvenezuela.gob.ve\/index.php\/wp-json\/wp\/v2\/comments?post=16478"}],"version-history":[{"count":1,"href":"https:\/\/prensapresidencialvenezuela.gob.ve\/index.php\/wp-json\/wp\/v2\/posts\/16478\/revisions"}],"predecessor-version":[{"id":16479,"href":"https:\/\/prensapresidencialvenezuela.gob.ve\/index.php\/wp-json\/wp\/v2\/posts\/16478\/revisions\/16479"}],"wp:featuredmedia":[{"embeddable":true,"href":"https:\/\/prensapresidencialvenezuela.gob.ve\/index.php\/wp-json\/wp\/v2\/media\/16450"}],"wp:attachment":[{"href":"https:\/\/prensapresidencialvenezuela.gob.ve\/index.php\/wp-json\/wp\/v2\/media?parent=16478"}],"wp:term":[{"taxonomy":"category","embeddable":true,"href":"https:\/\/prensapresidencialvenezuela.gob.ve\/index.php\/wp-json\/wp\/v2\/categories?post=16478"},{"taxonomy":"post_tag","embeddable":true,"href":"https:\/\/prensapresidencialvenezuela.gob.ve\/index.php\/wp-json\/wp\/v2\/tags?post=16478"}],"curies":[{"name":"wp","href":"https:\/\/api.w.org\/{rel}","templated":true}]}}