{"id":16480,"date":"2025-01-19T09:39:57","date_gmt":"2025-01-19T13:39:57","guid":{"rendered":"https:\/\/prensapresidencialvenezuela.gob.ve\/?p=16480"},"modified":"2025-01-19T14:16:29","modified_gmt":"2025-01-19T18:16:29","slug":"16480","status":"publish","type":"post","link":"https:\/\/prensapresidencialvenezuela.gob.ve\/index.php\/2025\/01\/19\/16480\/","title":{"rendered":"Nueva era Pluripolar: Isabel Frangie habla del rol de Venezuela en el escenario Global"},"content":{"rendered":"\n<p><\/p>\n\n\n\n<p><strong>Palacio de Miraflores, Caracas.-<\/strong> En el programa \u00abPerspectivas\u00bb de Radio Miraflores 95.9 FM, la abogada y analista internacional Isabel Frangie reflexion\u00f3 sobre el papel fundamental de Venezuela en el escenario global y la fortaleza del pueblo ante las adversidades econ\u00f3micas, en el contexto del mensaje anual a la Naci\u00f3n del presidente de la Rep\u00fablica Bolivariana de Venezuela, Nicol\u00e1s Maduro.<\/p>\n\n\n\n<p>Una Revoluci\u00f3n de convicciones<\/p>\n\n\n\n<p>La abogada y analista internacional libanesa-venezolana, Isabel Frangie, expres\u00f3 su profundo compromiso con el proceso pol\u00edtico revolucionario del pa\u00eds. En sus declaraciones, resalt\u00f3 la conexi\u00f3n emocional que el presidente Nicol\u00e1s Maduro tiene con el pueblo: \u00abLo vi hablando desde el coraz\u00f3n antes de hablar con la mente; estaba desnudo emocionalmente frente a su gente. La verdad es que est\u00e1bamos viendo al ser humano, al compatriota revolucionario.\u00bb<\/p>\n\n\n\n<p>Frangie enfatiz\u00f3 que el presidente venezolano no s\u00f3lo se presenta como una figura pol\u00edtica, sino como un ser humano comprometido.<\/p>\n\n\n\n<p>Rescat\u00f3 estas palabras del jefe de Estado: \u00abSoy yo, aqu\u00ed estoy, lo \u00fanico que tengo frente a ustedes es mi esfuerzo, mis convicciones, mi todo, mi ser para d\u00e1rselo al pueblo en esta batalla contra las adversidades.\u00bb<\/p>\n\n\n\n<p><strong>La lucha global y la fortalecida legitimidad nacional<\/strong><\/p>\n\n\n\n<p>En su an\u00e1lisis, la abogada mencion\u00f3 que Venezuela se encuentra inmersa en una lucha ecum\u00e9nica, en un contexto global donde las transformaciones geopol\u00edticas y econ\u00f3micas son inevitables. \u00abUn mundo que est\u00e1 pasando de un siglo a otro, y nosotros tenemos un l\u00edder claro y seguro, aferrado a los cimientos pol\u00edticos que son firmes y bien anclados en el pueblo\u00bb, subray\u00f3.<\/p>\n\n\n\n<p>En la entrevista, tambi\u00e9n abord\u00f3 la situaci\u00f3n internacional, donde identific\u00f3 \u00abdos bandos\u00bb en la contienda electoral venezolana. \u00abUno busca su legitimidad desde la calle, mientras que el otro vive en una realidad ficticia, en redes sociales tratando de obtener reconocimiento internacional sin ra\u00edces en su pueblo. Esa es la diferencia fundamental\u00bb, explic\u00f3.<\/p>\n\n\n\n<p>Frangie afirm\u00f3 que el reconocimiento mundial hacia el gobierno del jefe de Estado, Nicol\u00e1s Maduro, ha crecido a pesar de las cr\u00edticas, siempre defendiendo que \u00abla adversidad de la oposici\u00f3n se basa en mentiras,\u00bb mientras que la verdad del pueblo venezolano es evidente.<\/p>\n\n\n\n<p><strong>Transformaci\u00f3n de un pa\u00eds hacia la pluripolaridad<\/strong><\/p>\n\n\n\n<p>\u00abNo es f\u00e1cil la transformaci\u00f3n contra la hegemon\u00eda internacional,\u00bb advirti\u00f3 Frangie, quien destac\u00f3 la importancia del giro estrat\u00e9gico hacia socios como Rusia y otras naciones del mundo asi\u00e1tico. \u00abLa paz se construye respetando la multipolaridad; no puede haber imposiciones en un mundo donde los pueblos buscan su bienestar.\u00bb<\/p>\n\n\n\n<p>Aunque Venezuela no ha sido incluida formalmente en el BRICS, Frangie subray\u00f3 que el pa\u00eds juega un papel estrat\u00e9gico en las alianzas que forman parte de este bloque emergente. \u00abVenezuela tendr\u00eda mucho que aportar a esta agrupaci\u00f3n de naciones, ya que comparte con ellas el deseo de construir un nuevo orden internacional m\u00e1s equitativo. El pueblo venezolano es un socio natural en la b\u00fasqueda de un modelo multipolar que beneficie a todos.\u00bb<\/p>\n\n\n\n<p><strong>El humanismo solidario de la Revoluci\u00f3n Bolivariana<\/strong><\/p>\n\n\n\n<p>La Revoluci\u00f3n Bolivariana ha sido un faro de esperanza para aquellos pueblos que han sufrido las injusticias y desigualdades del orden global. Durante mas de 20 a\u00f1os esta revoluci\u00f3n ha buscado no s\u00f3lo transformar la realidad de Venezuela, sino tambi\u00e9n extender su solidaridad hacia naciones en vulnerabilidad, como Palestina.<\/p>\n\n\n\n<p>La esencia de este proceso revolucionario radica en un profundo humanismo, que prioriza el bienestar y la dignidad del ser humano. En este contexto, Venezuela se alza al lado de los pueblos oprimidos, denunciando los intereses pol\u00edticos y econ\u00f3micos que perpet\u00faan la violencia y el sufrimiento en regiones como Gaza y L\u00edbano, donde el despliegue de pol\u00edticas imperialistas busca aniquilar la resistencia y expoliar sus recursos.<\/p>\n\n\n\n<div class=\"wp-block-columns is-layout-flex wp-container-core-columns-is-layout-9d6595d7 wp-block-columns-is-layout-flex\">\n<div class=\"wp-block-column is-layout-flow wp-block-column-is-layout-flow\">\n<figure class=\"wp-block-image size-large\"><img fetchpriority=\"high\" decoding=\"async\" width=\"768\" height=\"1024\" src=\"https:\/\/prensapresidencialvenezuela.gob.ve\/wp-content\/uploads\/2025\/01\/photo_2025-01-19_09-28-59-1-768x1024.jpg\" alt=\"\" class=\"wp-image-16483\" srcset=\"https:\/\/prensapresidencialvenezuela.gob.ve\/wp-content\/uploads\/2025\/01\/photo_2025-01-19_09-28-59-1-768x1024.jpg 768w, https:\/\/prensapresidencialvenezuela.gob.ve\/wp-content\/uploads\/2025\/01\/photo_2025-01-19_09-28-59-1-225x300.jpg 225w, https:\/\/prensapresidencialvenezuela.gob.ve\/wp-content\/uploads\/2025\/01\/photo_2025-01-19_09-28-59-1.jpg 960w\" sizes=\"(max-width: 768px) 100vw, 768px\" \/><\/figure>\n<\/div>\n\n\n\n<div class=\"wp-block-column is-layout-flow wp-block-column-is-layout-flow\">\n<p><\/p>\n\n\n\n<p><\/p>\n\n\n\n<p>Isabel Frangie concluy\u00f3 con una interesante comparaci\u00f3n entre la ruptura del orden constitucional que sufri\u00f3 el pueblo y presidente sirio Bashar al-Assad en 2024 y los eventos que marcaron la historia de Venezuela en el Golpe de Estado en abril de 2002. Ambos casos evidencian c\u00f3mo los intereses de la derecha extrema, respaldados por alianzas medi\u00e1ticas, econ\u00f3micas y fascistas, buscan desestabilizar gobiernos que defienden la soberan\u00eda de sus pueblos.<\/p>\n<\/div>\n<\/div>\n\n\n\n<p>La diferencia notable radica en la respuesta decidida del pueblo venezolano y la uni\u00f3n c\u00edvico-militar que, ante el secuestro del Comandante Hugo Ch\u00e1vez, logr\u00f3 devolverlo al poder en Miraflores.<\/p>\n\n\n\n<p>\u00abDado que Bashar al-Assad no ha hecho declaraciones a su pueblo hasta el momento, hay una gran ambig\u00fcedad en torno a su salida del gobierno. No tiene acceso a declaraciones oficiales. En contraste, en el caso de Venezuela, la suerte que tuvimos fue que la Revoluci\u00f3n Bolivariana forj\u00f3 un pueblo consciente y astuto, con la valent\u00eda que caracteriz\u00f3 la fusi\u00f3n c\u00edvico-militar que salv\u00f3 a la patria gracias a la comprensi\u00f3n profunda de los desaf\u00edos patri\u00f3ticos\u201d, finaliz\u00f3.<\/p>\n\n\n\n<p><strong>Prensa Presidencial\/ Luis Tavera<\/strong><\/p>\n\n\n\n<p><\/p>\n","protected":false},"excerpt":{"rendered":"<p>Palacio de Miraflores, Caracas.- En el programa \u00abPerspectivas\u00bb de Radio Miraflores 95.9 FM, la abogada y analista internacional Isabel Frangie reflexion\u00f3 sobre el papel fundamental de Venezuela en el escenario global y la fortaleza del pueblo ante las adversidades econ\u00f3micas, en el contexto del mensaje anual a la Naci\u00f3n del presidente de la Rep\u00fablica Bolivariana [&hellip;]<\/p>\n","protected":false},"author":1,"featured_media":16481,"comment_status":"open","ping_status":"open","sticky":false,"template":"","format":"standard","meta":{"footnotes":""},"categories":[18,10],"tags":[38,451,27,20],"class_list":["post-16480","post","type-post","status-publish","format-standard","has-post-thumbnail","hentry","category-noticias-principales","category-especiales","tag-diplomacia-bolivariana-de-paz","tag-pueblo","tag-revolucion-bolivariana","tag-venezuela"],"_links":{"self":[{"href":"https:\/\/prensapresidencialvenezuela.gob.ve\/index.php\/wp-json\/wp\/v2\/posts\/16480","targetHints":{"allow":["GET"]}}],"collection":[{"href":"https:\/\/prensapresidencialvenezuela.gob.ve\/index.php\/wp-json\/wp\/v2\/posts"}],"about":[{"href":"https:\/\/prensapresidencialvenezuela.gob.ve\/index.php\/wp-json\/wp\/v2\/types\/post"}],"author":[{"embeddable":true,"href":"https:\/\/prensapresidencialvenezuela.gob.ve\/index.php\/wp-json\/wp\/v2\/users\/1"}],"replies":[{"embeddable":true,"href":"https:\/\/prensapresidencialvenezuela.gob.ve\/index.php\/wp-json\/wp\/v2\/comments?post=16480"}],"version-history":[{"count":2,"href":"https:\/\/prensapresidencialvenezuela.gob.ve\/index.php\/wp-json\/wp\/v2\/posts\/16480\/revisions"}],"predecessor-version":[{"id":16485,"href":"https:\/\/prensapresidencialvenezuela.gob.ve\/index.php\/wp-json\/wp\/v2\/posts\/16480\/revisions\/16485"}],"wp:featuredmedia":[{"embeddable":true,"href":"https:\/\/prensapresidencialvenezuela.gob.ve\/index.php\/wp-json\/wp\/v2\/media\/16481"}],"wp:attachment":[{"href":"https:\/\/prensapresidencialvenezuela.gob.ve\/index.php\/wp-json\/wp\/v2\/media?parent=16480"}],"wp:term":[{"taxonomy":"category","embeddable":true,"href":"https:\/\/prensapresidencialvenezuela.gob.ve\/index.php\/wp-json\/wp\/v2\/categories?post=16480"},{"taxonomy":"post_tag","embeddable":true,"href":"https:\/\/prensapresidencialvenezuela.gob.ve\/index.php\/wp-json\/wp\/v2\/tags?post=16480"}],"curies":[{"name":"wp","href":"https:\/\/api.w.org\/{rel}","templated":true}]}}