{"id":16507,"date":"2025-01-20T19:36:57","date_gmt":"2025-01-20T23:36:57","guid":{"rendered":"https:\/\/prensapresidencialvenezuela.gob.ve\/?p=16507"},"modified":"2025-01-20T19:36:58","modified_gmt":"2025-01-20T23:36:58","slug":"capacidad-adquisitiva-de-familias-venezolanas-se-incremento-un-14","status":"publish","type":"post","link":"https:\/\/prensapresidencialvenezuela.gob.ve\/index.php\/2025\/01\/20\/capacidad-adquisitiva-de-familias-venezolanas-se-incremento-un-14\/","title":{"rendered":"Capacidad adquisitiva de familias venezolanas se increment\u00f3 un 14%"},"content":{"rendered":"\n<p><strong>La Carlota, estado Miranda.- <\/strong>El presidente de la Rep\u00fablica Bolivariana de Venezuela, Nicol\u00e1s Maduro Moros, anunci\u00f3 que la capacidad de compra de las familias venezolanas aument\u00f3 en un 14% en el a\u00f1o 2024, como muestra del fortalecimiento de la econom\u00eda del pa\u00eds.<\/p>\n\n\n\n<p>El Mandatario venezolano se\u00f1al\u00f3 que este aumento del poder adquisitivo venezolano es ejemplo del crecimiento del nuevo modelo econ\u00f3mico de Venezuela que cuenta con recursos propios, por lo que insisti\u00f3 a las autoridades presentes en la ampliaci\u00f3n del cr\u00e9dito nacional.<\/p>\n\n\n\n<p>Por otra parte, mencion\u00f3 que estos son elementos que van configurando una econom\u00eda con fortalezas propias, ya que el mercado interno de la Naci\u00f3n est\u00e1 100% abastecido y se ha ido consolidando con producci\u00f3n y abastecimiento nacional.<\/p>\n\n\n\n<p>Como parte de las relaciones de hermandad y alianzas estrat\u00e9gicas entre Venezuela y Cuba, el jefe de Estado ratific\u00f3 ante el embajador extraordinario y plenipotenciario de la Rep\u00fablica de Cuba, en la Rep\u00fablica Bolivariana de Venezuela, Dagoberto Rodr\u00edguez, que ambas naciones estar\u00e1n siempre unidas, vencer\u00e1n y avanzar\u00e1n hacia la construcci\u00f3n del Nuevo Mundo.<\/p>\n\n\n\n<p>Es de inter\u00e9s resaltar que estas acciones del Ejecutivo son muestras del dinamismo del comercio interno y el sostenimiento del consumo de los venezolanos, a pesar de las sanciones ilegales que a\u00fan siguen impuestas sobre la econom\u00eda.<\/p>\n\n\n\n<p><strong>Prensa Presidencial \/ Irmary D\u00edaz<\/strong><\/p>\n","protected":false},"excerpt":{"rendered":"<p>La Carlota, estado Miranda.- El presidente de la Rep\u00fablica Bolivariana de Venezuela, Nicol\u00e1s Maduro Moros, anunci\u00f3 que la capacidad de compra de las familias venezolanas aument\u00f3 en un 14% en el a\u00f1o 2024, como muestra del fortalecimiento de la econom\u00eda del pa\u00eds. El Mandatario venezolano se\u00f1al\u00f3 que este aumento del poder adquisitivo venezolano es ejemplo [&hellip;]<\/p>\n","protected":false},"author":1,"featured_media":16509,"comment_status":"open","ping_status":"open","sticky":false,"template":"","format":"standard","meta":{"footnotes":""},"categories":[18,7],"tags":[38,21,19,27,20],"class_list":["post-16507","post","type-post","status-publish","format-standard","has-post-thumbnail","hentry","category-noticias-principales","category-notas-de-prensa","tag-diplomacia-bolivariana-de-paz","tag-economia-venezolana","tag-nicolas-maduro","tag-revolucion-bolivariana","tag-venezuela"],"_links":{"self":[{"href":"https:\/\/prensapresidencialvenezuela.gob.ve\/index.php\/wp-json\/wp\/v2\/posts\/16507","targetHints":{"allow":["GET"]}}],"collection":[{"href":"https:\/\/prensapresidencialvenezuela.gob.ve\/index.php\/wp-json\/wp\/v2\/posts"}],"about":[{"href":"https:\/\/prensapresidencialvenezuela.gob.ve\/index.php\/wp-json\/wp\/v2\/types\/post"}],"author":[{"embeddable":true,"href":"https:\/\/prensapresidencialvenezuela.gob.ve\/index.php\/wp-json\/wp\/v2\/users\/1"}],"replies":[{"embeddable":true,"href":"https:\/\/prensapresidencialvenezuela.gob.ve\/index.php\/wp-json\/wp\/v2\/comments?post=16507"}],"version-history":[{"count":1,"href":"https:\/\/prensapresidencialvenezuela.gob.ve\/index.php\/wp-json\/wp\/v2\/posts\/16507\/revisions"}],"predecessor-version":[{"id":16510,"href":"https:\/\/prensapresidencialvenezuela.gob.ve\/index.php\/wp-json\/wp\/v2\/posts\/16507\/revisions\/16510"}],"wp:featuredmedia":[{"embeddable":true,"href":"https:\/\/prensapresidencialvenezuela.gob.ve\/index.php\/wp-json\/wp\/v2\/media\/16509"}],"wp:attachment":[{"href":"https:\/\/prensapresidencialvenezuela.gob.ve\/index.php\/wp-json\/wp\/v2\/media?parent=16507"}],"wp:term":[{"taxonomy":"category","embeddable":true,"href":"https:\/\/prensapresidencialvenezuela.gob.ve\/index.php\/wp-json\/wp\/v2\/categories?post=16507"},{"taxonomy":"post_tag","embeddable":true,"href":"https:\/\/prensapresidencialvenezuela.gob.ve\/index.php\/wp-json\/wp\/v2\/tags?post=16507"}],"curies":[{"name":"wp","href":"https:\/\/api.w.org\/{rel}","templated":true}]}}