{"id":1651,"date":"2022-04-08T17:07:00","date_gmt":"2022-04-08T17:07:00","guid":{"rendered":"http:\/\/172.27.0.121\/?p=1651"},"modified":"2022-06-29T17:08:59","modified_gmt":"2022-06-29T17:08:59","slug":"presidente-maduro-asiste-a-la-clausura-del-16-congreso-nacional-de-historia-2022","status":"publish","type":"post","link":"https:\/\/prensapresidencialvenezuela.gob.ve\/index.php\/2022\/04\/08\/presidente-maduro-asiste-a-la-clausura-del-16-congreso-nacional-de-historia-2022\/","title":{"rendered":"Presidente Maduro asiste a la clausura del 16\u00b0 Congreso Nacional de Historia 2022"},"content":{"rendered":"\n<p><strong>Catia La Mar, estado La Guaira.-<\/strong> Este viernes el presidente de la Rep\u00fablica Bolivariana de Venezuela, Nicol\u00e1s Maduro, asiste a la clausura del 16\u00b0 Congreso Nacional y 3\u00b0 Congreso Internacional de Historia que se desarrolla en el estado La Guaira.<\/p>\n\n\n\n<p>El Congreso organizado por la Red de Historia, Memoria y Patrimonio, el Centro de Estudios Sim\u00f3n Bol\u00edvar, el Archivo General de la Naci\u00f3n, el Centro Nacional de Historia y la Gobernaci\u00f3n del estado La Guaira, est\u00e1 enmarcado en la conmemoraci\u00f3n de dos fechas significativas para Venezuela: los 30 a\u00f1os de la rebeli\u00f3n del 4 de febrero de 1992 y los 20 a\u00f1os del golpe de Estado del 11 de abril de 2002.<\/p>\n\n\n\n<p>Durante estos d\u00edas del Congreso -que cont\u00f3 con la participaci\u00f3n de m\u00e1s de mil 700 personas y m\u00e1s de 500 ponencias- se debatieron e intercambiaron reflexiones, propuestas y opiniones a fin de construir de manera colectiva nuevas formas de analizar el pasado, as\u00ed como reconocer y accionar en el presente.<\/p>\n\n\n\n<p>Asimismo, se discutieron ejes tem\u00e1ticos como el Pensamiento y Doctrina Bolivariana: De Bol\u00edvar a Ch\u00e1vez, Bicentenario de la Independencia en Nuestra Am\u00e9rica, Historia de la Geopol\u00edtica en el siglo XXI, Memorias colectivas sobre las insurgencias, resistencias y contra-insurgencias en Venezuela, Nuestra Am\u00e9rica y El Caribe, as\u00ed como tambi\u00e9n los procesos econ\u00f3micos y relaciones de trabajo, adem\u00e1s de los problemas, retos y realidades de la ense\u00f1anza de la historia, entre otros temas que constituyeron el desarrollo de debates en este Congreso.<\/p>\n\n\n\n<p>Acompa\u00f1an al Mandatario nacional, el gobernador del estado La Guaira, Jos\u00e9 Ter\u00e1n, Ernesto Villegas, ministro del Poder Popular para la Cultura, Pedro Calzadilla, historiador y presidente del Consejo Nacional Electoral, as\u00ed como tambi\u00e9n invitados nacionales e internacionales.<\/p>\n\n\n\n<p><strong>Prensa Presidencial\/Joelin Jim\u00e9nez<\/strong><\/p>\n","protected":false},"excerpt":{"rendered":"<p>Catia La Mar, estado La Guaira.- Este viernes el presidente de la Rep\u00fablica Bolivariana de Venezuela, Nicol\u00e1s Maduro, asiste a la clausura del 16\u00b0 Congreso Nacional y 3\u00b0 Congreso Internacional de Historia que se desarrolla en el estado La Guaira. El Congreso organizado por la Red de Historia, Memoria y Patrimonio, el Centro de Estudios [&hellip;]<\/p>\n","protected":false},"author":6,"featured_media":1652,"comment_status":"open","ping_status":"open","sticky":false,"template":"","format":"standard","meta":{"footnotes":""},"categories":[7],"tags":[],"class_list":["post-1651","post","type-post","status-publish","format-standard","has-post-thumbnail","hentry","category-notas-de-prensa"],"_links":{"self":[{"href":"https:\/\/prensapresidencialvenezuela.gob.ve\/index.php\/wp-json\/wp\/v2\/posts\/1651","targetHints":{"allow":["GET"]}}],"collection":[{"href":"https:\/\/prensapresidencialvenezuela.gob.ve\/index.php\/wp-json\/wp\/v2\/posts"}],"about":[{"href":"https:\/\/prensapresidencialvenezuela.gob.ve\/index.php\/wp-json\/wp\/v2\/types\/post"}],"author":[{"embeddable":true,"href":"https:\/\/prensapresidencialvenezuela.gob.ve\/index.php\/wp-json\/wp\/v2\/users\/6"}],"replies":[{"embeddable":true,"href":"https:\/\/prensapresidencialvenezuela.gob.ve\/index.php\/wp-json\/wp\/v2\/comments?post=1651"}],"version-history":[{"count":1,"href":"https:\/\/prensapresidencialvenezuela.gob.ve\/index.php\/wp-json\/wp\/v2\/posts\/1651\/revisions"}],"predecessor-version":[{"id":1653,"href":"https:\/\/prensapresidencialvenezuela.gob.ve\/index.php\/wp-json\/wp\/v2\/posts\/1651\/revisions\/1653"}],"wp:featuredmedia":[{"embeddable":true,"href":"https:\/\/prensapresidencialvenezuela.gob.ve\/index.php\/wp-json\/wp\/v2\/media\/1652"}],"wp:attachment":[{"href":"https:\/\/prensapresidencialvenezuela.gob.ve\/index.php\/wp-json\/wp\/v2\/media?parent=1651"}],"wp:term":[{"taxonomy":"category","embeddable":true,"href":"https:\/\/prensapresidencialvenezuela.gob.ve\/index.php\/wp-json\/wp\/v2\/categories?post=1651"},{"taxonomy":"post_tag","embeddable":true,"href":"https:\/\/prensapresidencialvenezuela.gob.ve\/index.php\/wp-json\/wp\/v2\/tags?post=1651"}],"curies":[{"name":"wp","href":"https:\/\/api.w.org\/{rel}","templated":true}]}}