{"id":16521,"date":"2025-01-20T20:24:17","date_gmt":"2025-01-21T00:24:17","guid":{"rendered":"https:\/\/prensapresidencialvenezuela.gob.ve\/?p=16521"},"modified":"2025-01-20T20:24:18","modified_gmt":"2025-01-21T00:24:18","slug":"venezuela-alcanza-un-94-de-intercambio-comercial-electronico","status":"publish","type":"post","link":"https:\/\/prensapresidencialvenezuela.gob.ve\/index.php\/2025\/01\/20\/venezuela-alcanza-un-94-de-intercambio-comercial-electronico\/","title":{"rendered":"Venezuela Alcanza un 94% de Intercambio Comercial Electr\u00f3nico"},"content":{"rendered":"\n<p><strong>La Carlota, estado Miranda.-<\/strong> Rumbo a la transformaci\u00f3n econ\u00f3mica, encomendado por el presidente Nicol\u00e1s Maduro, en el plan de las 7T, el propio jefe de Estado destac\u00f3 el significativo incremento del intercambio comercial electr\u00f3nico en el pa\u00eds, alcanzando un nivel del 94%.<\/p>\n\n\n\n<p>Este logro refleja la superaci\u00f3n de los tiempos en los que el efectivo era escaso, gracias a la perseverancia y el trabajo arduo.<\/p>\n\n\n\n<p>El Dignatario se\u00f1al\u00f3 que actualmente \u201ctoda la poblaci\u00f3n venezolana cuenta con sistemas electr\u00f3nicos de pago y cobro, lo que facilita la actividad comercial y econ\u00f3mica en general\u201d.<\/p>\n\n\n\n<p>El Presidente subray\u00f3 que estos avances constituyen una estrategia econ\u00f3mica integral que busca fortalecer la econom\u00eda interna y, al mismo tiempo, estrechar los lazos con la econom\u00eda mundial.<\/p>\n\n\n\n<p>En este sentido, \u201ces vital fortalecer las relaciones con los inversionistas\u201d, inst\u00f3 el Mandatario.<\/p>\n\n\n\n<p>En su discurso, enfatiz\u00f3 que Venezuela es reconocida a escala mundial como una tierra favorecida y milagrosa para la inversi\u00f3n en diversos sectores, incluyendo el petr\u00f3leo, gas, petroqu\u00edmica, turismo, producci\u00f3n de alimentos, hierro, acero, aluminio y producci\u00f3n de oro.<\/p>\n\n\n\n<p>\u201cGrandes inversiones internacionales ya han sido conversadas y firmadas, y se espera que se concreten a lo largo del a\u00f1o 2025\u201d.<\/p>\n\n\n\n<p>Adem\u00e1s, hizo hincapi\u00e9 en la importancia de avanzar en un proceso de sustituci\u00f3n integral y de calidad de importaciones.<\/p>\n\n\n\n<p>El Jefe de Estado calific\u00f3 esta nueva etapa como un paso importante hacia la consolidaci\u00f3n de un nuevo modelo econ\u00f3mico diversificado y autosustentable, que busca el bienestar y la prosperidad del pueblo venezolano.<\/p>\n\n\n\n<p><strong>Prensa Presidencial\/ Kendi Villarroel<\/strong><\/p>\n","protected":false},"excerpt":{"rendered":"<p>La Carlota, estado Miranda.- Rumbo a la transformaci\u00f3n econ\u00f3mica, encomendado por el presidente Nicol\u00e1s Maduro, en el plan de las 7T, el propio jefe de Estado destac\u00f3 el significativo incremento del intercambio comercial electr\u00f3nico en el pa\u00eds, alcanzando un nivel del 94%. Este logro refleja la superaci\u00f3n de los tiempos en los que el efectivo [&hellip;]<\/p>\n","protected":false},"author":1,"featured_media":16522,"comment_status":"open","ping_status":"open","sticky":false,"template":"","format":"standard","meta":{"footnotes":""},"categories":[18,7],"tags":[19,451,27,20],"class_list":["post-16521","post","type-post","status-publish","format-standard","has-post-thumbnail","hentry","category-noticias-principales","category-notas-de-prensa","tag-nicolas-maduro","tag-pueblo","tag-revolucion-bolivariana","tag-venezuela"],"_links":{"self":[{"href":"https:\/\/prensapresidencialvenezuela.gob.ve\/index.php\/wp-json\/wp\/v2\/posts\/16521","targetHints":{"allow":["GET"]}}],"collection":[{"href":"https:\/\/prensapresidencialvenezuela.gob.ve\/index.php\/wp-json\/wp\/v2\/posts"}],"about":[{"href":"https:\/\/prensapresidencialvenezuela.gob.ve\/index.php\/wp-json\/wp\/v2\/types\/post"}],"author":[{"embeddable":true,"href":"https:\/\/prensapresidencialvenezuela.gob.ve\/index.php\/wp-json\/wp\/v2\/users\/1"}],"replies":[{"embeddable":true,"href":"https:\/\/prensapresidencialvenezuela.gob.ve\/index.php\/wp-json\/wp\/v2\/comments?post=16521"}],"version-history":[{"count":1,"href":"https:\/\/prensapresidencialvenezuela.gob.ve\/index.php\/wp-json\/wp\/v2\/posts\/16521\/revisions"}],"predecessor-version":[{"id":16523,"href":"https:\/\/prensapresidencialvenezuela.gob.ve\/index.php\/wp-json\/wp\/v2\/posts\/16521\/revisions\/16523"}],"wp:featuredmedia":[{"embeddable":true,"href":"https:\/\/prensapresidencialvenezuela.gob.ve\/index.php\/wp-json\/wp\/v2\/media\/16522"}],"wp:attachment":[{"href":"https:\/\/prensapresidencialvenezuela.gob.ve\/index.php\/wp-json\/wp\/v2\/media?parent=16521"}],"wp:term":[{"taxonomy":"category","embeddable":true,"href":"https:\/\/prensapresidencialvenezuela.gob.ve\/index.php\/wp-json\/wp\/v2\/categories?post=16521"},{"taxonomy":"post_tag","embeddable":true,"href":"https:\/\/prensapresidencialvenezuela.gob.ve\/index.php\/wp-json\/wp\/v2\/tags?post=16521"}],"curies":[{"name":"wp","href":"https:\/\/api.w.org\/{rel}","templated":true}]}}