{"id":16526,"date":"2025-01-20T20:41:04","date_gmt":"2025-01-21T00:41:04","guid":{"rendered":"https:\/\/prensapresidencialvenezuela.gob.ve\/?p=16526"},"modified":"2025-01-20T20:41:36","modified_gmt":"2025-01-21T00:41:36","slug":"presidente-maduro-tenemos-que-proteger-la-economia-nacional-y-el-sistema-cambiario-venezolano","status":"publish","type":"post","link":"https:\/\/prensapresidencialvenezuela.gob.ve\/index.php\/2025\/01\/20\/presidente-maduro-tenemos-que-proteger-la-economia-nacional-y-el-sistema-cambiario-venezolano\/","title":{"rendered":"Presidente Maduro: \u00abTenemos que proteger la econom\u00eda nacional y el sistema cambiario venezolano\u00bb\u00a0\u00a0"},"content":{"rendered":"\n<p><strong>La Carlota, estado Miranda.-<\/strong> A prop\u00f3sito de la instalaci\u00f3n de la primera transformaci\u00f3n econ\u00f3mica, del plan de las 7T, el presidente de la Rep\u00fablica Bolivariana de Venezuela, Nicol\u00e1s Maduro Moros, inst\u00f3 a la protecci\u00f3n de la econom\u00eda nacional y el sistema cambiario venezolano, para un funcionamiento estable y robusto.<\/p>\n\n\n\n<p>El jefe de Estado asever\u00f3 que estas acciones son para preservar la industria nacional, tanto privada como p\u00fablica, y a su vez, dijo que espera mucho del equipo que se ha&nbsp; conformado con la ministra del Poder Popular para el Comercio Exterior, Coromoto Godoy.<\/p>\n\n\n\n<p>Lo propio se\u00f1al\u00f3 de las instituciones impl\u00edcitas que \u00abhan abierto todo el camino a una nueva era transformadora y generadora de divisas\u00bb.<\/p>\n\n\n\n<p>El Mandatario inform\u00f3 en d\u00edas recientes que el gobierno venezolano est\u00e1 implementando una estrategia para la protecci\u00f3n del&nbsp; ahorro nacional y los dep\u00f3sitos en bol\u00edvares, abarcando desde peque\u00f1os ahorristas hasta grandes inversores.<\/p>\n\n\n\n<p>En contexto, el Mandatario Nacional gir\u00f3 instrucciones el pasado 15 de enero&nbsp; sobre la activaci\u00f3n de mecanismos para aumentar la capacidad instalada de producci\u00f3n nacional, para la sustituci\u00f3n de importaciones.<\/p>\n\n\n\n<p><strong>Prensa Presidencial Irmary D\u00edaz<\/strong><\/p>\n","protected":false},"excerpt":{"rendered":"<p>La Carlota, estado Miranda.- A prop\u00f3sito de la instalaci\u00f3n de la primera transformaci\u00f3n econ\u00f3mica, del plan de las 7T, el presidente de la Rep\u00fablica Bolivariana de Venezuela, Nicol\u00e1s Maduro Moros, inst\u00f3 a la protecci\u00f3n de la econom\u00eda nacional y el sistema cambiario venezolano, para un funcionamiento estable y robusto. El jefe de Estado asever\u00f3 que [&hellip;]<\/p>\n","protected":false},"author":1,"featured_media":16528,"comment_status":"open","ping_status":"open","sticky":false,"template":"","format":"standard","meta":{"footnotes":""},"categories":[18,7,1],"tags":[465,807,960],"class_list":["post-16526","post","type-post","status-publish","format-standard","has-post-thumbnail","hentry","category-noticias-principales","category-notas-de-prensa","category-sin-categoria","tag-economia","tag-proteccion","tag-social"],"_links":{"self":[{"href":"https:\/\/prensapresidencialvenezuela.gob.ve\/index.php\/wp-json\/wp\/v2\/posts\/16526","targetHints":{"allow":["GET"]}}],"collection":[{"href":"https:\/\/prensapresidencialvenezuela.gob.ve\/index.php\/wp-json\/wp\/v2\/posts"}],"about":[{"href":"https:\/\/prensapresidencialvenezuela.gob.ve\/index.php\/wp-json\/wp\/v2\/types\/post"}],"author":[{"embeddable":true,"href":"https:\/\/prensapresidencialvenezuela.gob.ve\/index.php\/wp-json\/wp\/v2\/users\/1"}],"replies":[{"embeddable":true,"href":"https:\/\/prensapresidencialvenezuela.gob.ve\/index.php\/wp-json\/wp\/v2\/comments?post=16526"}],"version-history":[{"count":1,"href":"https:\/\/prensapresidencialvenezuela.gob.ve\/index.php\/wp-json\/wp\/v2\/posts\/16526\/revisions"}],"predecessor-version":[{"id":16529,"href":"https:\/\/prensapresidencialvenezuela.gob.ve\/index.php\/wp-json\/wp\/v2\/posts\/16526\/revisions\/16529"}],"wp:featuredmedia":[{"embeddable":true,"href":"https:\/\/prensapresidencialvenezuela.gob.ve\/index.php\/wp-json\/wp\/v2\/media\/16528"}],"wp:attachment":[{"href":"https:\/\/prensapresidencialvenezuela.gob.ve\/index.php\/wp-json\/wp\/v2\/media?parent=16526"}],"wp:term":[{"taxonomy":"category","embeddable":true,"href":"https:\/\/prensapresidencialvenezuela.gob.ve\/index.php\/wp-json\/wp\/v2\/categories?post=16526"},{"taxonomy":"post_tag","embeddable":true,"href":"https:\/\/prensapresidencialvenezuela.gob.ve\/index.php\/wp-json\/wp\/v2\/tags?post=16526"}],"curies":[{"name":"wp","href":"https:\/\/api.w.org\/{rel}","templated":true}]}}