{"id":16543,"date":"2025-01-20T21:51:44","date_gmt":"2025-01-21T01:51:44","guid":{"rendered":"https:\/\/prensapresidencialvenezuela.gob.ve\/?p=16543"},"modified":"2025-01-20T21:51:44","modified_gmt":"2025-01-21T01:51:44","slug":"presidente-maduro-rinde-homenaje-a-piedad-cordoba-simbolo-de-lucha-y-resistencia-en-america-latina","status":"publish","type":"post","link":"https:\/\/prensapresidencialvenezuela.gob.ve\/index.php\/2025\/01\/20\/presidente-maduro-rinde-homenaje-a-piedad-cordoba-simbolo-de-lucha-y-resistencia-en-america-latina\/","title":{"rendered":"Presidente Maduro rinde homenaje a Piedad C\u00f3rdoba, s\u00edmbolo de lucha y resistencia en Am\u00e9rica Latina"},"content":{"rendered":"\n<p><strong>Palacio de Miraflores, Caracas.-<\/strong>&nbsp; En un emotivo mensaje transmitido, v\u00eda telef\u00f3nica, el presidente de la Rep\u00fablica Bolivariana de Venezuela, Nicol\u00e1s Maduro, rindi\u00f3 homenaje a la l\u00edderesa colombiana Piedad C\u00f3rdoba, durante las actividades organizadas en su honor en el Centro de Estudios Latinoamericanos R\u00f3mulo Gallegos (CELARG).<\/p>\n\n\n\n<p>Este evento resalta la relevancia de la lucha de Piedad C\u00f3rdoba por los derechos humanos y su inquebrantable compromiso con las causas justas en la regi\u00f3n. En el mismo, particip\u00f3 el presidente del cultural, Pedro Calzadilla; el ministro del Poder Popular para la Cultura, Ernesto Villegas; y la presidenta de Telesur, Patricia Villegas.<\/p>\n\n\n\n<p>En el contacto telef\u00f3nico, el jefe de Estado destac\u00f3 que \u00abPiedad es una historia viva, Piedad es un relato del pueblo valiente del pueblo profundo de Colombia\u00bb.<\/p>\n\n\n\n<p>Este reconocimiento a la valent\u00eda y determinaci\u00f3n de C\u00f3rdoba es esencial, pues su legado se entrelaza con la historia de la Gran Colombia y los ideales bolivarianos. En su discurso, el Mandatario evoc\u00f3 c\u00f3mo \u00abPiedad logr\u00f3 escalar a la m\u00e1s alta ciudadan\u00eda que podemos tener todos nosotros\u00bb, resaltando su devoci\u00f3n por la paz y la justicia.<\/p>\n\n\n\n<p>C\u00f3rdoba, conocida por su incansable defensa del acuerdo humanitario y los derechos de las v\u00edctimas del conflicto armado, ha sido un faro en tiempos de oscuridad. \u00abConocimos a Piedad en su lucha por el acuerdo humanitario\u00bb, record\u00f3 el presidente Maduro, refiri\u00e9ndose a la desesperante situaci\u00f3n que vivieron los colombianos bajo el mandato de \u00c1lvaro Uribe.<\/p>\n\n\n\n<p>En aquella \u00e9poca, el pa\u00eds enfrentaba un aumento de la violencia y la impunidad, mientras que Piedad alzaba su voz en el \u00e1mbito internacional, poniendo de relieve el sufrimiento de aquellos capturados y desplazados.<\/p>\n\n\n\n<p>El Mandatario tambi\u00e9n enfatiz\u00f3 la necesidad de continuar con la ayuda humanitaria hacia Colombia, especialmente en el contexto del conflicto en la regi\u00f3n del Catatumbo. \u00abLa primera imagen que me lleg\u00f3 al ordenar la asistencia humanitaria fue la de Piedad\u00bb, subray\u00f3 Maduro, resaltando su papel como defensora de los derechos de los desplazados y las v\u00edctimas de desapariciones forzadas. \u00abElla se convirti\u00f3 en un s\u00edmbolo de perseverancia, y su lucha sigue inspir\u00e1ndonos\u00bb.<\/p>\n\n\n\n<p>Homenaje a una lideresa<\/p>\n\n\n\n<p>Durante este homenaje, el CELARG ha programado una serie de actividades que honran la vida y obra de esta incansable activista. \u201cPiedad: M\u00e1s que una feminista\u201d, un conversatorio dirigido por Carolys P\u00e9rez, exministra de la Mujer, tendr\u00e1 lugar hoy a las 2:00 pm. Este espacio busca abordar la influencia de C\u00f3rdoba como referente femenino y su impacto en la sociedad.<\/p>\n\n\n\n<p>Adem\u00e1s, se llevar\u00e1 a cabo el foro \u201cCh\u00e1vez y Piedad, una misma causa\u201d ma\u00f1ana a las 10:00 am, donde se analizar\u00e1 la relaci\u00f3n entre el Comandante Hugo Ch\u00e1vez y la luchadora neogranadina. La programaci\u00f3n tambi\u00e9n incluye un Cine-Foro, talleres y conferencias que invitan a la reflexi\u00f3n sobre el impacto de Piedad C\u00f3rdoba en la lucha social y pol\u00edtica de la regi\u00f3n.<\/p>\n\n\n\n<p>Todas estas actividades son de acceso gratuito, y la invitaci\u00f3n se extiende a quienes deseen conocer y reflexionar sobre la acci\u00f3n y el pensamiento de Piedad C\u00f3rdoba, una mujer revolucionaria que ha dedicado su vida a la lucha por la justicia y la paz en Colombia y Venezuela.<\/p>\n\n\n\n<p><strong>Prensa Presidencial\/ Luis Tavera<\/strong><\/p>\n","protected":false},"excerpt":{"rendered":"<p>Palacio de Miraflores, Caracas.-&nbsp; En un emotivo mensaje transmitido, v\u00eda telef\u00f3nica, el presidente de la Rep\u00fablica Bolivariana de Venezuela, Nicol\u00e1s Maduro, rindi\u00f3 homenaje a la l\u00edderesa colombiana Piedad C\u00f3rdoba, durante las actividades organizadas en su honor en el Centro de Estudios Latinoamericanos R\u00f3mulo Gallegos (CELARG). Este evento resalta la relevancia de la lucha de Piedad [&hellip;]<\/p>\n","protected":false},"author":1,"featured_media":16544,"comment_status":"open","ping_status":"open","sticky":false,"template":"","format":"standard","meta":{"footnotes":""},"categories":[18,7],"tags":[1212,1211],"class_list":["post-16543","post","type-post","status-publish","format-standard","has-post-thumbnail","hentry","category-noticias-principales","category-notas-de-prensa","tag-lideresa","tag-luchadora"],"_links":{"self":[{"href":"https:\/\/prensapresidencialvenezuela.gob.ve\/index.php\/wp-json\/wp\/v2\/posts\/16543","targetHints":{"allow":["GET"]}}],"collection":[{"href":"https:\/\/prensapresidencialvenezuela.gob.ve\/index.php\/wp-json\/wp\/v2\/posts"}],"about":[{"href":"https:\/\/prensapresidencialvenezuela.gob.ve\/index.php\/wp-json\/wp\/v2\/types\/post"}],"author":[{"embeddable":true,"href":"https:\/\/prensapresidencialvenezuela.gob.ve\/index.php\/wp-json\/wp\/v2\/users\/1"}],"replies":[{"embeddable":true,"href":"https:\/\/prensapresidencialvenezuela.gob.ve\/index.php\/wp-json\/wp\/v2\/comments?post=16543"}],"version-history":[{"count":1,"href":"https:\/\/prensapresidencialvenezuela.gob.ve\/index.php\/wp-json\/wp\/v2\/posts\/16543\/revisions"}],"predecessor-version":[{"id":16545,"href":"https:\/\/prensapresidencialvenezuela.gob.ve\/index.php\/wp-json\/wp\/v2\/posts\/16543\/revisions\/16545"}],"wp:featuredmedia":[{"embeddable":true,"href":"https:\/\/prensapresidencialvenezuela.gob.ve\/index.php\/wp-json\/wp\/v2\/media\/16544"}],"wp:attachment":[{"href":"https:\/\/prensapresidencialvenezuela.gob.ve\/index.php\/wp-json\/wp\/v2\/media?parent=16543"}],"wp:term":[{"taxonomy":"category","embeddable":true,"href":"https:\/\/prensapresidencialvenezuela.gob.ve\/index.php\/wp-json\/wp\/v2\/categories?post=16543"},{"taxonomy":"post_tag","embeddable":true,"href":"https:\/\/prensapresidencialvenezuela.gob.ve\/index.php\/wp-json\/wp\/v2\/tags?post=16543"}],"curies":[{"name":"wp","href":"https:\/\/api.w.org\/{rel}","templated":true}]}}