{"id":16550,"date":"2025-01-21T11:18:55","date_gmt":"2025-01-21T15:18:55","guid":{"rendered":"https:\/\/prensapresidencialvenezuela.gob.ve\/?p=16550"},"modified":"2025-01-21T11:18:55","modified_gmt":"2025-01-21T15:18:55","slug":"pequiven-se-posiciona-como-prioridad-de-recuperacion-en-el-plan-economico-del-pais-para-2025","status":"publish","type":"post","link":"https:\/\/prensapresidencialvenezuela.gob.ve\/index.php\/2025\/01\/21\/pequiven-se-posiciona-como-prioridad-de-recuperacion-en-el-plan-economico-del-pais-para-2025\/","title":{"rendered":"Pequiven se posiciona como prioridad de recuperaci\u00f3n en el plan econ\u00f3mico del pa\u00eds para 2025"},"content":{"rendered":"\n<p><strong>La Carlota, Caracas.<\/strong>&#8211; El presidente de la Rep\u00fablica Bolivariana de Venezuela, Nicol\u00e1s Maduro Moros, orient\u00f3 directrices claras al nuevo presidente de la Petroqu\u00edmica de Venezuela (Pequiven), Rom\u00e1n Maniglia, para impulsar la recuperaci\u00f3n de la industria y promover el desarrollo del talento humano en el sector.<\/p>\n\n\n\n<p>En el transcurso de la instalaci\u00f3n del primer Consejo Nacional de Econom\u00eda Productiva del 2025, el Mandatario destac\u00f3 la necesidad de alcanzar una recuperaci\u00f3n plena y operativa de Pequiven, as\u00ed como de atraer nuevas inversiones.<\/p>\n\n\n\n<p>\u201cHe nombrado a un nuevo presidente de Pequiven, un hombre que sabe de finanzas y de inversi\u00f3n: el licenciado Rom\u00e1n Maniglia, quien asumir\u00e1 la presidencia y liderar\u00e1 un nuevo equipo, siempre en colaboraci\u00f3n con la clase obrera\u201d, destac\u00f3 el presidente Maduro.<\/p>\n\n\n\n<p>El jefe de Estado enfatiz\u00f3 que, en este nuevo a\u00f1o, es fundamental garantizar la eficiencia y productividad en el \u00e1mbito petroqu\u00edmico, en un contexto marcado por desaf\u00edos previos.<\/p>\n\n\n\n<p>Asimismo, el Ejecutivo nacional record\u00f3 los efectos devastadores de un ataque terrorista sufrido en 2024, que impact\u00f3 negativamente en las operaciones de producci\u00f3n y distribuci\u00f3n de gas en el pa\u00eds.<\/p>\n\n\n\n<p>Sin embargo, sostuvo que se han realizado esfuerzos para recuperar y reasegurar el sistema, y resalt\u00f3 la visi\u00f3n del Comandante Hugo Ch\u00e1vez sobre el crecimiento de la producci\u00f3n de gas tanto para el consumo nacional como para la exportaci\u00f3n.<\/p>\n\n\n\n<p>El jefe de Estado tambi\u00e9n anunci\u00f3 que la vicepresidenta Ejecutiva y ministra del Poder Popular para Hidrocarburos, Delcy Rodr\u00edguez, estar\u00e1 a la cabeza de los esfuerzos junto a Maniglia y otros equipos de PDVSA, enfatizando que \u201cse conforma un grupo altamente capacitado, listo para enfrentar los retos y llevar adelante esta crucial etapa en la industria de los hidrocarburos\u201d.<\/p>\n\n\n\n<p>Prensa Presidencial\/ Luis Tavera <br><br><br><br><br><br><br><\/p>\n","protected":false},"excerpt":{"rendered":"<p>La Carlota, Caracas.&#8211; El presidente de la Rep\u00fablica Bolivariana de Venezuela, Nicol\u00e1s Maduro Moros, orient\u00f3 directrices claras al nuevo presidente de la Petroqu\u00edmica de Venezuela (Pequiven), Rom\u00e1n Maniglia, para impulsar la recuperaci\u00f3n de la industria y promover el desarrollo del talento humano en el sector. En el transcurso de la instalaci\u00f3n del primer Consejo Nacional [&hellip;]<\/p>\n","protected":false},"author":1,"featured_media":16551,"comment_status":"open","ping_status":"open","sticky":false,"template":"","format":"standard","meta":{"footnotes":""},"categories":[18,7],"tags":[],"class_list":["post-16550","post","type-post","status-publish","format-standard","has-post-thumbnail","hentry","category-noticias-principales","category-notas-de-prensa"],"_links":{"self":[{"href":"https:\/\/prensapresidencialvenezuela.gob.ve\/index.php\/wp-json\/wp\/v2\/posts\/16550","targetHints":{"allow":["GET"]}}],"collection":[{"href":"https:\/\/prensapresidencialvenezuela.gob.ve\/index.php\/wp-json\/wp\/v2\/posts"}],"about":[{"href":"https:\/\/prensapresidencialvenezuela.gob.ve\/index.php\/wp-json\/wp\/v2\/types\/post"}],"author":[{"embeddable":true,"href":"https:\/\/prensapresidencialvenezuela.gob.ve\/index.php\/wp-json\/wp\/v2\/users\/1"}],"replies":[{"embeddable":true,"href":"https:\/\/prensapresidencialvenezuela.gob.ve\/index.php\/wp-json\/wp\/v2\/comments?post=16550"}],"version-history":[{"count":1,"href":"https:\/\/prensapresidencialvenezuela.gob.ve\/index.php\/wp-json\/wp\/v2\/posts\/16550\/revisions"}],"predecessor-version":[{"id":16552,"href":"https:\/\/prensapresidencialvenezuela.gob.ve\/index.php\/wp-json\/wp\/v2\/posts\/16550\/revisions\/16552"}],"wp:featuredmedia":[{"embeddable":true,"href":"https:\/\/prensapresidencialvenezuela.gob.ve\/index.php\/wp-json\/wp\/v2\/media\/16551"}],"wp:attachment":[{"href":"https:\/\/prensapresidencialvenezuela.gob.ve\/index.php\/wp-json\/wp\/v2\/media?parent=16550"}],"wp:term":[{"taxonomy":"category","embeddable":true,"href":"https:\/\/prensapresidencialvenezuela.gob.ve\/index.php\/wp-json\/wp\/v2\/categories?post=16550"},{"taxonomy":"post_tag","embeddable":true,"href":"https:\/\/prensapresidencialvenezuela.gob.ve\/index.php\/wp-json\/wp\/v2\/tags?post=16550"}],"curies":[{"name":"wp","href":"https:\/\/api.w.org\/{rel}","templated":true}]}}