{"id":16555,"date":"2025-01-21T15:36:27","date_gmt":"2025-01-21T19:36:27","guid":{"rendered":"https:\/\/prensapresidencialvenezuela.gob.ve\/?p=16555"},"modified":"2025-01-21T16:02:41","modified_gmt":"2025-01-21T20:02:41","slug":"emprendedora-agricola-impulsa-el-crecimiento-economico-de-venezuela-con-el-aji-margariteno","status":"publish","type":"post","link":"https:\/\/prensapresidencialvenezuela.gob.ve\/index.php\/2025\/01\/21\/emprendedora-agricola-impulsa-el-crecimiento-economico-de-venezuela-con-el-aji-margariteno\/","title":{"rendered":"Emprendedora agr\u00edcola impulsa el crecimiento econ\u00f3mico de Venezuela con el aj\u00ed margarite\u00f1o"},"content":{"rendered":"\n<p><strong>La Carlota, Caracas.-<\/strong>En una entrevista exclusiva a Prensa Presidencial, Sorymar Vivas, fundadora de <strong>Agropecuaria LV, C.A<\/strong>, en la Isla de Margarita, comparti\u00f3 su experiencia como emprendedora y la importancia de la Indicaci\u00f3n Geogr\u00e1fica Protegida (IGP) para el desarrollo del aj\u00ed margarite\u00f1o.\u00a0<\/p>\n\n\n\n<p>Desde septiembre de 2021, la empresa familiar se vio afectada por la pandemia. Debido a un exceso de aj\u00ed margarite\u00f1o, los consumidores empezaron a demandar nuevas presentaci\u00f3n en la que estuviera este ingrediente. Es as\u00ed como, comienzan a surgir otras iniciativas, entre estas, confituras y deshidratar el aj\u00ed.<\/p>\n\n\n\n<p>Se emplean as\u00ed nuevas t\u00e9cnicas para diversificar y mantener 100% natural este fruto de la isla, inform\u00f3 Vivas, representante de los productores de aj\u00ed margarite\u00f1o ante el Ministerio de Comercio Nacional.<\/p>\n\n\n\n<p>Tambi\u00e9n explic\u00f3 que han logrado posicionar este producto en el mercado nacional e internacional, con una visi\u00f3n que trasciende el \u00e1mbito comercial.<\/p>\n\n\n\n<p><strong>Un producto con gran potencial<\/strong><\/p>\n\n\n\n<p>La productora venezolana detall\u00f3 las caracter\u00edsticas \u00fanicas del aj\u00ed margarite\u00f1o y sus derivados.<\/p>\n\n\n\n<p>Pormenoriz\u00f3 que el aj\u00ed margarite\u00f1o se caracteriza por su morfolog\u00eda, sabores frutales y su alto contenido de capsaicina.&nbsp; Mencion\u00f3 la diferencia en los niveles de capsaicina entre las variedades roja, amarilla y verde, destacando la superioridad del aj\u00ed amarillo con 520 unidades de Scoville (<em>medida del nivel de picante<\/em>).<\/p>\n\n\n\n<p>Adem\u00e1s, enfatiz\u00f3 que la l\u00ednea de productos deshidratados, crotones, l\u00e1minas pulverizadas y saborizadores, son completamente naturales y resaltan el sabor frutal.<\/p>\n\n\n\n<figure class=\"wp-block-gallery has-nested-images columns-default is-cropped wp-block-gallery-1 is-layout-flex wp-block-gallery-is-layout-flex\"><\/figure>\n\n\n\n<p><strong>Crecimiento sostenible y apoyo gubernamental<\/strong><\/p>\n\n\n\n<p><strong>Agropecuaria LV C.A<\/strong> ha logrado un crecimiento significativo gracias a su licencia de marca con el<strong> <\/strong>Servicio Aut\u00f3nomo de Propiedad Intelectual (SAPI).<\/p>\n\n\n\n<p>Vivas atribuye este \u00e9xito a la colaboraci\u00f3n con el Consejo Regulador que ha impulsado la mejora gen\u00e9tica de la semilla ancestral, combin\u00e1ndola con una variedad m\u00e1s joven.&nbsp;<\/p>\n\n\n\n<p>La empresa recibi\u00f3 el reconocimiento de \u00abEmprendedor del A\u00f1o 2024\u00bb por parte del Banco del Tesoro, un respaldo crucial para su expansi\u00f3n.\u00a0 Adem\u00e1s, fue reconocido por el proyecto Instituto Marca Pa\u00eds,\u00a0 a partir de junio 2024, abriendo puertas al mercado internacional en trabajo conjunto con el Banco de Comercio Exterior  y el ministerio del Poder Popular de Agricultura Urbana.<\/p>\n\n\n\n<p><strong>Expansi\u00f3n internacional y mensaje a los emprendedores<\/strong><\/p>\n\n\n\n<p><strong>Agropecuaria LV<\/strong>, ha representado a Venezuela en siete pa\u00edses, incluyendo Argentina, Bolivia, Cuba,  China, Emiratos \u00c1rabes Unidos, Italia, T\u00fcrkiye y Uruguay. <\/p>\n\n\n\n<p>Vivas dirigi\u00f3 un mensaje inspirador a los emprendedores, inst\u00e1ndolos a apostar por el pa\u00eds y a aprovechar el potencial de sus productos, pese a la adversidad, producto de las sanciones econ\u00f3micas que afectan directamente a los productores y emprendedores del pa\u00eds.<\/p>\n\n\n\n<p>En esa l\u00ednea, se\u00f1al\u00f3 que gracias a programas de apoyo impulsados por el Gobierno Bolivariano, incluyendo asistencia en permisos y acceso a laboratorios para asegurar la calidad de los productos, Agropecuaria LV, ha salido delante de manera \u00f3ptima, tributando al crecimiento de la Naci\u00f3n.<\/p>\n\n\n\n<p><strong>Aj\u00ed margarite\u00f1o como ejemplo de \u00e9xito<\/strong><\/p>\n\n\n\n<p>Vivas compar\u00f3 el \u00e9xito del aj\u00ed margarite\u00f1o con el del caf\u00e9 venezolano, destacando la importancia de la IGP, para elevar el valor del producto en el mercado nacional e internacional.&nbsp;<\/p>\n\n\n\n<p>Expres\u00f3 su deseo de que el crecimiento de&nbsp; Agropecuaria LV sirva de modelo para otros emprendedores del pa\u00eds. Su mensaje es claro: \u201cEl \u00e9xito compartido impulsa la econom\u00eda nacional y beneficia a las familias venezolanas.\u201d<\/p>\n\n\n\n<figure class=\"wp-block-gallery has-nested-images columns-default is-cropped wp-block-gallery-2 is-layout-flex wp-block-gallery-is-layout-flex\">\n<figure class=\"wp-block-image size-large\"><img fetchpriority=\"high\" decoding=\"async\" width=\"683\" height=\"1024\" data-id=\"16559\" src=\"https:\/\/prensapresidencialvenezuela.gob.ve\/wp-content\/uploads\/2025\/01\/4933820690776305572-1-683x1024.jpg\" alt=\"\" class=\"wp-image-16559\" srcset=\"https:\/\/prensapresidencialvenezuela.gob.ve\/wp-content\/uploads\/2025\/01\/4933820690776305572-1-683x1024.jpg 683w, https:\/\/prensapresidencialvenezuela.gob.ve\/wp-content\/uploads\/2025\/01\/4933820690776305572-1-200x300.jpg 200w, https:\/\/prensapresidencialvenezuela.gob.ve\/wp-content\/uploads\/2025\/01\/4933820690776305572-1.jpg 720w\" sizes=\"(max-width: 683px) 100vw, 683px\" \/><\/figure>\n<\/figure>\n\n\n\n<p><strong>Un futuro sostenible para el sector agr\u00edcola<\/strong><\/p>\n\n\n\n<p>Sorymar Vivas concluy\u00f3 haciendo referencia a la importancia del crecimiento sostenible del aj\u00ed margarite\u00f1o. \u201cNo s\u00f3lo impulsa la econom\u00eda, sino que tambi\u00e9n fomenta la reactivaci\u00f3n del sector agr\u00edcola, promoviendo el orgullo por el producto local y la creaci\u00f3n de oportunidades para muchos, incluyendo madres de familia y ni\u00f1os que participan en el proceso de siembra\u201d.<\/p>\n\n\n\n<p>El Gobierno Nacional ha incluido diversas iniciativas para el crecimiento de la producci\u00f3n nacional.<\/p>\n\n\n\n<p>La emprendedora &nbsp;ha implementado las experiencias productivas con las que han iniciado nuevas t\u00e9cnicas.<\/p>\n\n\n\n<figure class=\"wp-block-gallery has-nested-images columns-default is-cropped wp-block-gallery-3 is-layout-flex wp-block-gallery-is-layout-flex\">\n<figure class=\"wp-block-image size-large\"><img decoding=\"async\" width=\"1024\" height=\"682\" data-id=\"16561\" src=\"https:\/\/prensapresidencialvenezuela.gob.ve\/wp-content\/uploads\/2025\/01\/4933820690776305575-1-1024x682.jpg\" alt=\"\" class=\"wp-image-16561\" srcset=\"https:\/\/prensapresidencialvenezuela.gob.ve\/wp-content\/uploads\/2025\/01\/4933820690776305575-1-1024x682.jpg 1024w, https:\/\/prensapresidencialvenezuela.gob.ve\/wp-content\/uploads\/2025\/01\/4933820690776305575-1-300x200.jpg 300w, https:\/\/prensapresidencialvenezuela.gob.ve\/wp-content\/uploads\/2025\/01\/4933820690776305575-1-768x512.jpg 768w, https:\/\/prensapresidencialvenezuela.gob.ve\/wp-content\/uploads\/2025\/01\/4933820690776305575-1.jpg 1280w\" sizes=\"(max-width: 1024px) 100vw, 1024px\" \/><\/figure>\n<\/figure>\n\n\n\n<p>Durante la Instalaci\u00f3n del Consejo Nacional de Econom\u00eda Productiva 2025, denominado \u00abTransformaci\u00f3n Econ\u00f3mica para el Buen Vivir,\u00bb parte del plan de las 7T, el presidente de la Rep\u00fablica Bolivariana de Venezuela, Nicol\u00e1s Maduro Moros, anunci\u00f3 la creaci\u00f3n de 19 mil nuevas marcas en el pa\u00eds.<\/p>\n\n\n\n<p>Este hecho resalta la importancia y la necesidad de fortalecer la producci\u00f3n nacional.<\/p>\n\n\n\n<p>Este contexto evidencia los esfuerzos del gobierno revolucionario por implementar pol\u00edticas que fomenten el desarrollo y la diversificaci\u00f3n de la econom\u00eda venezolana, creando un entorno propicio para que empresas como<strong> Agropecuaria LV, C.A. <\/strong>prosperen e incrementen la producci\u00f3n nacional.<\/p>\n\n\n\n<p>A trav\u00e9s de estas acciones, en palabras del Mandatario nacional, se busca construir un pa\u00eds m\u00e1s fuerte y sostenible, donde los emprendedores sean protagonistas de su propia historia y contribuyan al bienestar de toda la Naci\u00f3n.<\/p>\n\n\n\n<p><strong>Prensa Presidencial\/ Luis Tavera<\/strong><\/p>\n","protected":false},"excerpt":{"rendered":"<p>La Carlota, Caracas.-En una entrevista exclusiva a Prensa Presidencial, Sorymar Vivas, fundadora de Agropecuaria LV, C.A, en la Isla de Margarita, comparti\u00f3 su experiencia como emprendedora y la importancia de la Indicaci\u00f3n Geogr\u00e1fica Protegida (IGP) para el desarrollo del aj\u00ed margarite\u00f1o.\u00a0 Desde septiembre de 2021, la empresa familiar se vio afectada por la pandemia. Debido [&hellip;]<\/p>\n","protected":false},"author":1,"featured_media":16560,"comment_status":"open","ping_status":"open","sticky":false,"template":"","format":"standard","meta":{"footnotes":""},"categories":[10],"tags":[19,27,20],"class_list":["post-16555","post","type-post","status-publish","format-standard","has-post-thumbnail","hentry","category-especiales","tag-nicolas-maduro","tag-revolucion-bolivariana","tag-venezuela"],"_links":{"self":[{"href":"https:\/\/prensapresidencialvenezuela.gob.ve\/index.php\/wp-json\/wp\/v2\/posts\/16555","targetHints":{"allow":["GET"]}}],"collection":[{"href":"https:\/\/prensapresidencialvenezuela.gob.ve\/index.php\/wp-json\/wp\/v2\/posts"}],"about":[{"href":"https:\/\/prensapresidencialvenezuela.gob.ve\/index.php\/wp-json\/wp\/v2\/types\/post"}],"author":[{"embeddable":true,"href":"https:\/\/prensapresidencialvenezuela.gob.ve\/index.php\/wp-json\/wp\/v2\/users\/1"}],"replies":[{"embeddable":true,"href":"https:\/\/prensapresidencialvenezuela.gob.ve\/index.php\/wp-json\/wp\/v2\/comments?post=16555"}],"version-history":[{"count":3,"href":"https:\/\/prensapresidencialvenezuela.gob.ve\/index.php\/wp-json\/wp\/v2\/posts\/16555\/revisions"}],"predecessor-version":[{"id":16565,"href":"https:\/\/prensapresidencialvenezuela.gob.ve\/index.php\/wp-json\/wp\/v2\/posts\/16555\/revisions\/16565"}],"wp:featuredmedia":[{"embeddable":true,"href":"https:\/\/prensapresidencialvenezuela.gob.ve\/index.php\/wp-json\/wp\/v2\/media\/16560"}],"wp:attachment":[{"href":"https:\/\/prensapresidencialvenezuela.gob.ve\/index.php\/wp-json\/wp\/v2\/media?parent=16555"}],"wp:term":[{"taxonomy":"category","embeddable":true,"href":"https:\/\/prensapresidencialvenezuela.gob.ve\/index.php\/wp-json\/wp\/v2\/categories?post=16555"},{"taxonomy":"post_tag","embeddable":true,"href":"https:\/\/prensapresidencialvenezuela.gob.ve\/index.php\/wp-json\/wp\/v2\/tags?post=16555"}],"curies":[{"name":"wp","href":"https:\/\/api.w.org\/{rel}","templated":true}]}}