{"id":16566,"date":"2025-01-21T19:22:06","date_gmt":"2025-01-21T23:22:06","guid":{"rendered":"https:\/\/prensapresidencialvenezuela.gob.ve\/?p=16566"},"modified":"2025-01-21T19:27:50","modified_gmt":"2025-01-21T23:27:50","slug":"designan-a-responsables-de-los-trece-motores-productivos","status":"publish","type":"post","link":"https:\/\/prensapresidencialvenezuela.gob.ve\/index.php\/2025\/01\/21\/designan-a-responsables-de-los-trece-motores-productivos\/","title":{"rendered":"Designan a responsables de los trece motores productivos"},"content":{"rendered":"\n<p><strong>Palacio de Miraflores, Caracas.- <\/strong>Desde sal\u00f3n N\u00e9stor Kirchner del Palacio de Miraflores, el presidente de la Rep\u00fablica Bolivariana de Venezuela, Nicol\u00e1s Maduro Moros, lider\u00f3 reuni\u00f3n con el Consejo Econ\u00f3mico y la Designaci\u00f3n de los Responsables Para los Trece Motores Productivos.<\/p>\n\n\n\n<p>El nuevo mapa de motores productivos debe ser asumido en conjunto por la sociedad, el sector empresarial y la rector\u00eda econ\u00f3mica del Gobierno Nacional, as\u00ed lo inform\u00f3 el pasado 15 enero el jefe de Estado, en la presentaci\u00f3n de su mensaje anual a la Naci\u00f3n.<\/p>\n\n\n\n<p>Los responsables de los trece motores productivos son:<\/p>\n\n\n\n<ul class=\"wp-block-list\">\n<li>Hidrocarburos &#8211; Delcy Rodr\u00edguez y H\u00e9ctor Obreg\u00f3n&nbsp;<\/li>\n<\/ul>\n\n\n\n<ul class=\"wp-block-list\">\n<li>Agroalimentario, Pesquero y Acu\u00edcola &#8211; Juan Carlos Loyo con Menry Fern\u00e1ndez&nbsp;<\/li>\n<\/ul>\n\n\n\n<ul class=\"wp-block-list\">\n<li>Exportaciones No Petroleras &#8211; Coromoto Godoy y Daniela Cabello&nbsp;<\/li>\n<\/ul>\n\n\n\n<ul class=\"wp-block-list\">\n<li>Minero y de las Industrias B\u00e1sicas &#8211; H\u00e9ctor Silva y Luis P\u00e9rez&nbsp;<\/li>\n<\/ul>\n\n\n\n<ul class=\"wp-block-list\">\n<li>Industria Civil y Militar &#8211; Alex Saab y M\/G Henry Rodr\u00edguez Mart\u00ednez\u00a0<\/li>\n<\/ul>\n\n\n\n<ul class=\"wp-block-list\">\n<li>Turismo Nacional e Internacional &#8211; Leticia G\u00f3mez y Al\u00ed Padr\u00f3n&nbsp;<\/li>\n<\/ul>\n\n\n\n<ul class=\"wp-block-list\">\n<li>Construcci\u00f3n &#8211; Ra\u00fal Paredes y Juan Jos\u00e9 Ram\u00edrez&nbsp;<\/li>\n<\/ul>\n\n\n\n<ul class=\"wp-block-list\">\n<li>Farmac\u00e9utico &#8211; Gabriela Jim\u00e9nez y Magaly Guti\u00e9rrez&nbsp;<\/li>\n<\/ul>\n\n\n\n<ul class=\"wp-block-list\">\n<li>Bol\u00edvar Digital &#8211; Calixto Ortega &#8211; Cristhian Hern\u00e1ndez&nbsp;<\/li>\n<\/ul>\n\n\n\n<ul class=\"wp-block-list\">\n<li>Banca y Mercado de Valores &#8211; Anabel Pereira y Jimmy Berr\u00edos Ojeda&nbsp;<\/li>\n<\/ul>\n\n\n\n<ul class=\"wp-block-list\">\n<li>Emprendimiento &#8211; Sergio Lotartaro Tovar y Mayor\u00ed Badyiala&nbsp;<\/li>\n<\/ul>\n\n\n\n<ul class=\"wp-block-list\">\n<li>Econom\u00eda Comunal Socialista y Solidaria &#8211; \u00c1ngel Prado y Albanis Montilla&nbsp;<\/li>\n<\/ul>\n\n\n\n<ul class=\"wp-block-list\">\n<li>Telecomunicaciones y Nuevas Tecnolog\u00edas &#8211; Jorge M\u00e1rquez y M\/G Iv\u00e1n Hern\u00e1ndez Dala.<\/li>\n<\/ul>\n\n\n\n<p>El consejo econ\u00f3mico tiene la misi\u00f3n de acelerar el desarrollo econ\u00f3mico del pa\u00eds, con el objetivo principal de fortalecer la capacidad productiva de Venezuela y promover un modelo econ\u00f3mico diversificado y autosustentable, adem\u00e1s de nuevas pr\u00e1cticas empresariales y tecnol\u00f3gicas.<\/p>\n\n\n\n<p><strong>Prensa Presidencial\/Irmary D\u00edaz.<\/strong><\/p>\n\n\n\n<p><\/p>\n","protected":false},"excerpt":{"rendered":"<p>Palacio de Miraflores, Caracas.- Desde sal\u00f3n N\u00e9stor Kirchner del Palacio de Miraflores, el presidente de la Rep\u00fablica Bolivariana de Venezuela, Nicol\u00e1s Maduro Moros, lider\u00f3 reuni\u00f3n con el Consejo Econ\u00f3mico y la Designaci\u00f3n de los Responsables Para los Trece Motores Productivos. El nuevo mapa de motores productivos debe ser asumido en conjunto por la sociedad, el [&hellip;]<\/p>\n","protected":false},"author":1,"featured_media":16567,"comment_status":"open","ping_status":"open","sticky":false,"template":"","format":"standard","meta":{"footnotes":""},"categories":[18,7],"tags":[534,1214,1215],"class_list":["post-16566","post","type-post","status-publish","format-standard","has-post-thumbnail","hentry","category-noticias-principales","category-notas-de-prensa","tag-designacion","tag-motores","tag-responsables"],"_links":{"self":[{"href":"https:\/\/prensapresidencialvenezuela.gob.ve\/index.php\/wp-json\/wp\/v2\/posts\/16566","targetHints":{"allow":["GET"]}}],"collection":[{"href":"https:\/\/prensapresidencialvenezuela.gob.ve\/index.php\/wp-json\/wp\/v2\/posts"}],"about":[{"href":"https:\/\/prensapresidencialvenezuela.gob.ve\/index.php\/wp-json\/wp\/v2\/types\/post"}],"author":[{"embeddable":true,"href":"https:\/\/prensapresidencialvenezuela.gob.ve\/index.php\/wp-json\/wp\/v2\/users\/1"}],"replies":[{"embeddable":true,"href":"https:\/\/prensapresidencialvenezuela.gob.ve\/index.php\/wp-json\/wp\/v2\/comments?post=16566"}],"version-history":[{"count":3,"href":"https:\/\/prensapresidencialvenezuela.gob.ve\/index.php\/wp-json\/wp\/v2\/posts\/16566\/revisions"}],"predecessor-version":[{"id":16571,"href":"https:\/\/prensapresidencialvenezuela.gob.ve\/index.php\/wp-json\/wp\/v2\/posts\/16566\/revisions\/16571"}],"wp:featuredmedia":[{"embeddable":true,"href":"https:\/\/prensapresidencialvenezuela.gob.ve\/index.php\/wp-json\/wp\/v2\/media\/16567"}],"wp:attachment":[{"href":"https:\/\/prensapresidencialvenezuela.gob.ve\/index.php\/wp-json\/wp\/v2\/media?parent=16566"}],"wp:term":[{"taxonomy":"category","embeddable":true,"href":"https:\/\/prensapresidencialvenezuela.gob.ve\/index.php\/wp-json\/wp\/v2\/categories?post=16566"},{"taxonomy":"post_tag","embeddable":true,"href":"https:\/\/prensapresidencialvenezuela.gob.ve\/index.php\/wp-json\/wp\/v2\/tags?post=16566"}],"curies":[{"name":"wp","href":"https:\/\/api.w.org\/{rel}","templated":true}]}}