{"id":16572,"date":"2025-01-21T20:06:32","date_gmt":"2025-01-22T00:06:32","guid":{"rendered":"https:\/\/prensapresidencialvenezuela.gob.ve\/?p=16572"},"modified":"2025-01-21T20:06:33","modified_gmt":"2025-01-22T00:06:33","slug":"consejo-nacional-de-economia-se-declara-en-sesion-permanente","status":"publish","type":"post","link":"https:\/\/prensapresidencialvenezuela.gob.ve\/index.php\/2025\/01\/21\/consejo-nacional-de-economia-se-declara-en-sesion-permanente\/","title":{"rendered":"Consejo Nacional de Econom\u00eda se declara en sesi\u00f3n permanente"},"content":{"rendered":"\n<p><strong>Palacio de Miraflores, Caracas.-<\/strong> El presidente de la Rep\u00fablica Bolivariana de Venezuela, Nicol\u00e1s Maduro, anunci\u00f3 que el Consejo Nacional de la Econom\u00eda se declara en sesi\u00f3n permanente.<\/p>\n\n\n\n<p>El Jefe de Estado inform\u00f3 que al frente de la rector\u00eda del secretariado se encuentra la Vicepresidente Ejecutiva, Delcy Rodr\u00edguez, y detall\u00f3 que el equipo, dem\u00e1s, est\u00e1 conformado por Anabel Pereira, ministra de Econom\u00eda y Finanzas; Gabriela Jim\u00e9nez, ministra del Poder Popular para Ciencia y Tecnolog\u00eda.<\/p>\n\n\n\n<p>Asimismo, indic\u00f3 que tambi\u00e9n pertenecen a este equipo Juan Carlos Loyo, ministro de Pesca y Acuicultura; Alex Saab, ministro del Poder Popular de Industrias y Producci\u00f3n Nacional; y el jefe de la planificaci\u00f3n, Ricardo Men\u00e9ndez.<\/p>\n\n\n\n<p>El presidente Maduro indic\u00f3 que el objetivo es reordenar y proyectar la agenda econ\u00f3mica del pa\u00eds y enfatiz\u00f3 la importancia de construir un modelo econ\u00f3mico aut\u00f3nomo y alejado de influencias externas.<\/p>\n\n\n\n<p>\u00abPrecisamente nosotros estamos construyendo nuestro propio camino con nuestro propio pensamiento, con nuestra experiencia, con nuestros propios logros y con nuestra propia visi\u00f3n\u00bb, declar\u00f3, al destacar que la nueva estrategia se basa en la definici\u00f3n de los trece motores productivos que impulsar\u00e1n el desarrollo de Venezuela.<\/p>\n\n\n\n<p>El Mandatario hizo hincapi\u00e9 en que este enfoque se fundamenta en la experiencia acumulada desde la implementaci\u00f3n de la Agenda Econ\u00f3mica Bolivariana en 2016, que permiti\u00f3 al pa\u00eds enfrentar los desaf\u00edos impuestos por las sanciones internacionales y la guerra econ\u00f3mica.<\/p>\n\n\n\n<p>\u00abHemos redefinido con mucha claridad los motores productivos de Venezuela\u00bb, subray\u00f3, al mencionar que los logros alcanzados en a\u00f1os recientes son se\u00f1ales de que el pa\u00eds avanza en la direcci\u00f3n correcta.<\/p>\n\n\n\n<p>Asimismo, el jefe de Estado rechaz\u00f3 cualquier dependencia de organismos internacionales, tras subrayar: \u00abNuestros planes econ\u00f3micos no vienen del Fondo Monetario Internacional\u00bb.<\/p>\n\n\n\n<p>En este sentido, reafirm\u00f3 que Venezuela est\u00e1 construyendo su propio modelo de independencia econ\u00f3mica y social, sin someterse a las directrices del Banco Mundial ni de otras instituciones financieras globales.<\/p>\n\n\n\n<p><strong>Prensa Presidencial \/ Eduardo Hueck<\/strong><\/p>\n","protected":false},"excerpt":{"rendered":"<p>Palacio de Miraflores, Caracas.- El presidente de la Rep\u00fablica Bolivariana de Venezuela, Nicol\u00e1s Maduro, anunci\u00f3 que el Consejo Nacional de la Econom\u00eda se declara en sesi\u00f3n permanente. El Jefe de Estado inform\u00f3 que al frente de la rector\u00eda del secretariado se encuentra la Vicepresidente Ejecutiva, Delcy Rodr\u00edguez, y detall\u00f3 que el equipo, dem\u00e1s, est\u00e1 conformado [&hellip;]<\/p>\n","protected":false},"author":1,"featured_media":16573,"comment_status":"open","ping_status":"open","sticky":false,"template":"","format":"standard","meta":{"footnotes":""},"categories":[18,7],"tags":[465,1217,1216],"class_list":["post-16572","post","type-post","status-publish","format-standard","has-post-thumbnail","hentry","category-noticias-principales","category-notas-de-prensa","tag-economia","tag-permanente","tag-sesion"],"_links":{"self":[{"href":"https:\/\/prensapresidencialvenezuela.gob.ve\/index.php\/wp-json\/wp\/v2\/posts\/16572","targetHints":{"allow":["GET"]}}],"collection":[{"href":"https:\/\/prensapresidencialvenezuela.gob.ve\/index.php\/wp-json\/wp\/v2\/posts"}],"about":[{"href":"https:\/\/prensapresidencialvenezuela.gob.ve\/index.php\/wp-json\/wp\/v2\/types\/post"}],"author":[{"embeddable":true,"href":"https:\/\/prensapresidencialvenezuela.gob.ve\/index.php\/wp-json\/wp\/v2\/users\/1"}],"replies":[{"embeddable":true,"href":"https:\/\/prensapresidencialvenezuela.gob.ve\/index.php\/wp-json\/wp\/v2\/comments?post=16572"}],"version-history":[{"count":1,"href":"https:\/\/prensapresidencialvenezuela.gob.ve\/index.php\/wp-json\/wp\/v2\/posts\/16572\/revisions"}],"predecessor-version":[{"id":16574,"href":"https:\/\/prensapresidencialvenezuela.gob.ve\/index.php\/wp-json\/wp\/v2\/posts\/16572\/revisions\/16574"}],"wp:featuredmedia":[{"embeddable":true,"href":"https:\/\/prensapresidencialvenezuela.gob.ve\/index.php\/wp-json\/wp\/v2\/media\/16573"}],"wp:attachment":[{"href":"https:\/\/prensapresidencialvenezuela.gob.ve\/index.php\/wp-json\/wp\/v2\/media?parent=16572"}],"wp:term":[{"taxonomy":"category","embeddable":true,"href":"https:\/\/prensapresidencialvenezuela.gob.ve\/index.php\/wp-json\/wp\/v2\/categories?post=16572"},{"taxonomy":"post_tag","embeddable":true,"href":"https:\/\/prensapresidencialvenezuela.gob.ve\/index.php\/wp-json\/wp\/v2\/tags?post=16572"}],"curies":[{"name":"wp","href":"https:\/\/api.w.org\/{rel}","templated":true}]}}