{"id":16579,"date":"2025-01-21T21:40:07","date_gmt":"2025-01-22T01:40:07","guid":{"rendered":"https:\/\/prensapresidencialvenezuela.gob.ve\/?p=16579"},"modified":"2025-01-21T21:46:33","modified_gmt":"2025-01-22T01:46:33","slug":"delinean-estrategias-prioritarias-para-el-avance-economico-de-venezuela-y-el-alba","status":"publish","type":"post","link":"https:\/\/prensapresidencialvenezuela.gob.ve\/index.php\/2025\/01\/21\/delinean-estrategias-prioritarias-para-el-avance-economico-de-venezuela-y-el-alba\/","title":{"rendered":"Delinean estrategias prioritarias para el avance econ\u00f3mico de Venezuela y el ALBA"},"content":{"rendered":"\n<p><strong>Palacio de Miraflores, Caracas. &#8211;<\/strong> En una reuni\u00f3n con el Consejo Nacional de Econom\u00eda, el presidente de la Rep\u00fablica Bolivariana de Venezuela, Nicol\u00e1s Maduro, instruy\u00f3 al Vicecanciller para el Caribe y presidente del Banco del ALBA, Ra\u00fal Li Causi, sobre la necesidad de incorporar estrategias enfocadas en el avance econ\u00f3mico.<\/p>\n\n\n\n<p><strong>Plan de las 7T y 13 Motores Productivos<\/strong><\/p>\n\n\n\n<p>Estas l\u00edneas giran en torno al Plan de las 7T y los 13 Motores Productivos, articuladas con la agenda de la Alianza Bolivariana para los Pueblos de Nuestra Am\u00e9rica &#8211; Tratado del Comercio de los Pueblos (ALBA).<\/p>\n\n\n\n<p><strong>Agenda de desarrollo<\/strong><\/p>\n\n\n\n<p>El jefe de Estado declar\u00f3 que estos 13 Motores Productivos son esenciales, afirmando que \u201ctodos tienen que tener su agenda de desarrollo en ese sentido\u201d.<\/p>\n\n\n\n<p><strong>Inversiones conjuntas y AgroALBA<\/strong><\/p>\n\n\n\n<p>Este enfoque busca garantizar inversiones conjuntas que permitan, entre otras cosas, \u201cproducir alimentos en los pa\u00edses ALBA\u201d y avanzar en diversas \u00e1reas econ\u00f3micas. El Presidente a\u00f1adi\u00f3 que el programa AgroALBA se posiciona como una iniciativa clave para el desarrollo sostenible, extendiendo sus beneficios a Am\u00e9rica Latina, el Caribe e inclusive a \u00c1frica.<\/p>\n\n\n\n<p>En este contexto, enfatiz\u00f3 que \u201cnuestro camino es el sur, nuestro camino es nuestra Am\u00e9rica, nuestro camino es la dignidad, es la ciencia, es la independencia.\u201d<\/p>\n\n\n\n<p><strong>Desarrollo en altas tecnolog\u00edas<\/strong><\/p>\n\n\n\n<p>El Dignatario venezolano tambi\u00e9n subray\u00f3 la importancia de las altas tecnolog\u00edas, afirmando que, \u201cno renunciamos, ni renunciaremos a nuestra vocaci\u00f3n de desarrollarnos en las m\u00e1s altas tecnolog\u00edas del mundo con soberan\u00eda e independencia.\u201d<\/p>\n\n\n\n<p>La propuesta incluye el desarrollo de la inteligencia artificial como un objetivo prioritario, destacando que \u201cya sabemos hoy, nos hemos convertido en especialistas de inteligencia artificial.\u201d<\/p>\n\n\n\n<p><strong>Directrices para el Consejo Nacional de Econom\u00eda<\/strong><\/p>\n\n\n\n<p>Para llevar a cabo estos planes, el Mandatario estableci\u00f3 cuatro directrices espec\u00edficas para el Consejo Nacional de Econom\u00eda.<\/p>\n\n\n\n<p>En primer lugar, solicit\u00f3 la presentaci\u00f3n inmediata de nuevas acciones que promuevan un \u00abplan de sustituci\u00f3n radical de importaciones y producci\u00f3n en Venezuela\u00bb.<\/p>\n\n\n\n<p>En segundo lugar, se requiere un \u00abplan de inversi\u00f3n y cr\u00e9dito en la econom\u00eda real venezolano priorizado\u00bb.<\/p>\n\n\n\n<p>Asimismo, subray\u00f3 la necesidad de un \u00abplan de producci\u00f3n de ingresos en divisas convertibles alternativo y creciente para Venezuela\u00bb, que debe ser una tarea abordada por cada uno de los motores econ\u00f3micos.<\/p>\n\n\n\n<p>Finalmente, plante\u00f3 la importancia de \u00abafinar de manera espec\u00edfica y cient\u00edfica el plan de compras p\u00fablicas\u00bb, describi\u00e9ndolo como un \u00abgran instrumento soberano que tiene Venezuela\u00bb, libre de sometimientos a acuerdos internacionales.<\/p>\n\n\n\n<p><strong>Compromiso con una econom\u00eda s\u00f3lida y diversificada<\/strong><\/p>\n\n\n\n<p>Con estas directrices, el Gobierno Bolivariano reafirm\u00f3 su compromiso con una econom\u00eda s\u00f3lida y diversificada, en sinton\u00eda con los principios de la cooperaci\u00f3n regional y el desarrollo integral bajo el marco del ALBA.<\/p>\n\n\n\n<p><strong>Prensa Presidencial\/ Luis Tavera<\/strong><\/p>\n","protected":false},"excerpt":{"rendered":"<p>Palacio de Miraflores, Caracas. &#8211; En una reuni\u00f3n con el Consejo Nacional de Econom\u00eda, el presidente de la Rep\u00fablica Bolivariana de Venezuela, Nicol\u00e1s Maduro, instruy\u00f3 al Vicecanciller para el Caribe y presidente del Banco del ALBA, Ra\u00fal Li Causi, sobre la necesidad de incorporar estrategias enfocadas en el avance econ\u00f3mico. Plan de las 7T y [&hellip;]<\/p>\n","protected":false},"author":1,"featured_media":16583,"comment_status":"open","ping_status":"open","sticky":false,"template":"","format":"standard","meta":{"footnotes":""},"categories":[18,7],"tags":[180,581,20],"class_list":["post-16579","post","type-post","status-publish","format-standard","has-post-thumbnail","hentry","category-noticias-principales","category-notas-de-prensa","tag-alba","tag-region","tag-venezuela"],"_links":{"self":[{"href":"https:\/\/prensapresidencialvenezuela.gob.ve\/index.php\/wp-json\/wp\/v2\/posts\/16579","targetHints":{"allow":["GET"]}}],"collection":[{"href":"https:\/\/prensapresidencialvenezuela.gob.ve\/index.php\/wp-json\/wp\/v2\/posts"}],"about":[{"href":"https:\/\/prensapresidencialvenezuela.gob.ve\/index.php\/wp-json\/wp\/v2\/types\/post"}],"author":[{"embeddable":true,"href":"https:\/\/prensapresidencialvenezuela.gob.ve\/index.php\/wp-json\/wp\/v2\/users\/1"}],"replies":[{"embeddable":true,"href":"https:\/\/prensapresidencialvenezuela.gob.ve\/index.php\/wp-json\/wp\/v2\/comments?post=16579"}],"version-history":[{"count":1,"href":"https:\/\/prensapresidencialvenezuela.gob.ve\/index.php\/wp-json\/wp\/v2\/posts\/16579\/revisions"}],"predecessor-version":[{"id":16581,"href":"https:\/\/prensapresidencialvenezuela.gob.ve\/index.php\/wp-json\/wp\/v2\/posts\/16579\/revisions\/16581"}],"wp:featuredmedia":[{"embeddable":true,"href":"https:\/\/prensapresidencialvenezuela.gob.ve\/index.php\/wp-json\/wp\/v2\/media\/16583"}],"wp:attachment":[{"href":"https:\/\/prensapresidencialvenezuela.gob.ve\/index.php\/wp-json\/wp\/v2\/media?parent=16579"}],"wp:term":[{"taxonomy":"category","embeddable":true,"href":"https:\/\/prensapresidencialvenezuela.gob.ve\/index.php\/wp-json\/wp\/v2\/categories?post=16579"},{"taxonomy":"post_tag","embeddable":true,"href":"https:\/\/prensapresidencialvenezuela.gob.ve\/index.php\/wp-json\/wp\/v2\/tags?post=16579"}],"curies":[{"name":"wp","href":"https:\/\/api.w.org\/{rel}","templated":true}]}}