{"id":16584,"date":"2025-01-21T21:50:20","date_gmt":"2025-01-22T01:50:20","guid":{"rendered":"https:\/\/prensapresidencialvenezuela.gob.ve\/?p=16584"},"modified":"2025-01-22T12:21:40","modified_gmt":"2025-01-22T16:21:40","slug":"presidente-maduro-recibio-en-miraflores-a-familiares-de-la-lideresa-piedad-cordoba","status":"publish","type":"post","link":"https:\/\/prensapresidencialvenezuela.gob.ve\/index.php\/2025\/01\/21\/presidente-maduro-recibio-en-miraflores-a-familiares-de-la-lideresa-piedad-cordoba\/","title":{"rendered":"Presidente Maduro recibi\u00f3 en Miraflores a familiares de la lideresa Piedad C\u00f3rdoba"},"content":{"rendered":"\n<p><strong>Palacio de Miraflores, Caracas.-<\/strong> El presidente de la Rep\u00fablica Bolivariana de Venezuela, Nicol\u00e1s Maduro, sostuvo un emotivo encuentro con familiares de la lideresa y activista defensora de los derechos humanos, Piedad C\u00f3rdoba, quien dej\u00f3 un legado enfocado en la defensa de la paz y la justicia social.<\/p>\n\n\n\n<p>Durante la visita, Natalia y Camilo Castro C\u00f3rdoba, hijos de la insigne lideresa, compartieron an\u00e9cdotas y reflexiones sobre su vida y obra, resaltando su valent\u00eda y compromiso en la lucha por los derechos humanos y su incansable b\u00fasqueda de la paz, en un pa\u00eds marcado por el conflicto producto de las desigualdades sociales que la \u00e9lite neogranadina sembr\u00f3 en el pasado.<\/p>\n\n\n\n<p>El 20 de enero de 2025 se cumpli\u00f3 un a\u00f1o del fallecimiento de Piedad C\u00f3rdoba. Su pensamiento e ideario siguen vivos en los corazones de muchos.<\/p>\n\n\n\n<p>En tributo a la lideresa colombiana, en Venezuela, se realizan desde el 20 al 31 de enero, en los espacios de la Fundaci\u00f3n Centro de Estudios Latinoamericanos y del Caribe R\u00f3mulo Gallegos (CELARG), una exposici\u00f3n llamada \u00abVive Piedad\u00bb, oportunidad para recordar y celebrar su vida y obra, destacando su papel como una figura clave en la defensa de los derechos de los m\u00e1s vulnerables.<\/p>\n\n\n\n<p>Este evento es un recordatorio de que la lucha por la justicia y la paz continuar\u00e1 inspirando a nuevas generaciones a seguir el camino trazado por Piedad C\u00f3rdoba.<\/p>\n\n\n\n<p>El encuentro en el Palacio de Miraflores cont\u00f3 con la compa\u00f1\u00eda de la Primera Dama, Cilia Flores; la presidenta de Telesur, Patricia Villegas; el ministro del Poder Popular para la Cultura, Ernesto Villegas; e integrantes del Grupo Madera.<\/p>\n\n\n\n<p><strong>Prensa Presidencial \/ Eduardo Hueck<\/strong><\/p>\n","protected":false},"excerpt":{"rendered":"<p>Palacio de Miraflores, Caracas.- El presidente de la Rep\u00fablica Bolivariana de Venezuela, Nicol\u00e1s Maduro, sostuvo un emotivo encuentro con familiares de la lideresa y activista defensora de los derechos humanos, Piedad C\u00f3rdoba, quien dej\u00f3 un legado enfocado en la defensa de la paz y la justicia social. Durante la visita, Natalia y Camilo Castro C\u00f3rdoba, [&hellip;]<\/p>\n","protected":false},"author":1,"featured_media":16585,"comment_status":"open","ping_status":"open","sticky":false,"template":"","format":"standard","meta":{"footnotes":""},"categories":[18,7],"tags":[1219,592,504,1005],"class_list":["post-16584","post","type-post","status-publish","format-standard","has-post-thumbnail","hentry","category-noticias-principales","category-notas-de-prensa","tag-cordoba","tag-encuentro","tag-miraflores","tag-tributo"],"_links":{"self":[{"href":"https:\/\/prensapresidencialvenezuela.gob.ve\/index.php\/wp-json\/wp\/v2\/posts\/16584","targetHints":{"allow":["GET"]}}],"collection":[{"href":"https:\/\/prensapresidencialvenezuela.gob.ve\/index.php\/wp-json\/wp\/v2\/posts"}],"about":[{"href":"https:\/\/prensapresidencialvenezuela.gob.ve\/index.php\/wp-json\/wp\/v2\/types\/post"}],"author":[{"embeddable":true,"href":"https:\/\/prensapresidencialvenezuela.gob.ve\/index.php\/wp-json\/wp\/v2\/users\/1"}],"replies":[{"embeddable":true,"href":"https:\/\/prensapresidencialvenezuela.gob.ve\/index.php\/wp-json\/wp\/v2\/comments?post=16584"}],"version-history":[{"count":3,"href":"https:\/\/prensapresidencialvenezuela.gob.ve\/index.php\/wp-json\/wp\/v2\/posts\/16584\/revisions"}],"predecessor-version":[{"id":16620,"href":"https:\/\/prensapresidencialvenezuela.gob.ve\/index.php\/wp-json\/wp\/v2\/posts\/16584\/revisions\/16620"}],"wp:featuredmedia":[{"embeddable":true,"href":"https:\/\/prensapresidencialvenezuela.gob.ve\/index.php\/wp-json\/wp\/v2\/media\/16585"}],"wp:attachment":[{"href":"https:\/\/prensapresidencialvenezuela.gob.ve\/index.php\/wp-json\/wp\/v2\/media?parent=16584"}],"wp:term":[{"taxonomy":"category","embeddable":true,"href":"https:\/\/prensapresidencialvenezuela.gob.ve\/index.php\/wp-json\/wp\/v2\/categories?post=16584"},{"taxonomy":"post_tag","embeddable":true,"href":"https:\/\/prensapresidencialvenezuela.gob.ve\/index.php\/wp-json\/wp\/v2\/tags?post=16584"}],"curies":[{"name":"wp","href":"https:\/\/api.w.org\/{rel}","templated":true}]}}