{"id":16589,"date":"2025-01-22T07:39:34","date_gmt":"2025-01-22T11:39:34","guid":{"rendered":"https:\/\/prensapresidencialvenezuela.gob.ve\/?p=16589"},"modified":"2025-01-22T13:56:23","modified_gmt":"2025-01-22T17:56:23","slug":"ejercicio-escudo-bolivariano-2025-una-muestra-del-robustecimiento-estrategico-operacional-de-la-nacion","status":"publish","type":"post","link":"https:\/\/prensapresidencialvenezuela.gob.ve\/index.php\/2025\/01\/22\/ejercicio-escudo-bolivariano-2025-una-muestra-del-robustecimiento-estrategico-operacional-de-la-nacion\/","title":{"rendered":"Ejercicio Escudo Bolivariano 2025, una muestra del robustecimiento estrat\u00e9gico operacional de la Naci\u00f3n"},"content":{"rendered":"\n<p><strong>Fuerte Tiuna, Caracas. &#8211;<\/strong> En pro del adiestramiento operacional de la Fuerza Armada Nacional Bolivariana (FANB), el presidente de la Rep\u00fablica Bolivariana de Venezuela, Nicol\u00e1s Maduro Moros, preside acto del Despliegue del Ejercicio Escudo Bolivariano 2025, con maniobras castrenses que demuestran el robustecimiento militar de la Naci\u00f3n.<\/p>\n\n\n\n<p>Este nuevo ejercicio popular, militar, policial, se ejecuta con un nivel excepcional en lo estrat\u00e9gico, operacional y t\u00e1ctico, lo que permite la optimizaci\u00f3n en sus distintas fases, la interoperabilidad entre pueblo organizado, unidades militares y \u00d3rganos de Seguridad Ciudadana, desplegando con mayor sincronizaci\u00f3n m\u00faltiples sistemas de armas y Unidades de Reacci\u00f3n R\u00e1pida (URRA) mixtas.<\/p>\n\n\n\n<p>En este ejercicio se ponen en pr\u00e1ctica las operaciones que garantizar\u00e1n la defensa militar y el orden interno del pa\u00eds, asegurando as\u00ed el funcionamiento de los servicios b\u00e1sicos y la seguridad de instalaciones estrat\u00e9gicas, y al mismo tiempo, respaldar la seguridad en las ciudades y fronteras de todo el espacio geogr\u00e1fico de Venezuela.<\/p>\n\n\n\n<p>En este contexto, el comandante en Jefe de la FANB, mencion\u00f3 a trav\u00e9s de su canal Telegram, el pasado domingo, que los primeros ejercicios Escudo Bolivariano 2025 de este 22 y 23 de enero, se efect\u00faan para la defensa de la soberan\u00eda, las fronteras, costas, ciudades y elementos vitales del pa\u00eds.<\/p>\n\n\n\n<p>Es importante resaltar que con la ampliaci\u00f3n de las siete grandes transformaciones (7T) simult\u00e1neas, se fij\u00f3 el prop\u00f3sito de seguir adelante con lo que establece la Constituci\u00f3n, ya que la tercera l\u00ednea de las 7T se refiere a garantizar la seguridad del territorio nacional, la defensa y la paz del pa\u00eds.<\/p>\n\n\n\n<p><strong>Prensa Presidencial\/ Irmary D\u00edaz<\/strong><\/p>\n","protected":false},"excerpt":{"rendered":"<p>Fuerte Tiuna, Caracas. &#8211; En pro del adiestramiento operacional de la Fuerza Armada Nacional Bolivariana (FANB), el presidente de la Rep\u00fablica Bolivariana de Venezuela, Nicol\u00e1s Maduro Moros, preside acto del Despliegue del Ejercicio Escudo Bolivariano 2025, con maniobras castrenses que demuestran el robustecimiento militar de la Naci\u00f3n. Este nuevo ejercicio popular, militar, policial, se ejecuta [&hellip;]<\/p>\n","protected":false},"author":1,"featured_media":16590,"comment_status":"open","ping_status":"open","sticky":false,"template":"","format":"standard","meta":{"footnotes":""},"categories":[18,7],"tags":[30,65,19,451,27,20],"class_list":["post-16589","post","type-post","status-publish","format-standard","has-post-thumbnail","hentry","category-noticias-principales","category-notas-de-prensa","tag-destacado","tag-fanb","tag-nicolas-maduro","tag-pueblo","tag-revolucion-bolivariana","tag-venezuela"],"_links":{"self":[{"href":"https:\/\/prensapresidencialvenezuela.gob.ve\/index.php\/wp-json\/wp\/v2\/posts\/16589","targetHints":{"allow":["GET"]}}],"collection":[{"href":"https:\/\/prensapresidencialvenezuela.gob.ve\/index.php\/wp-json\/wp\/v2\/posts"}],"about":[{"href":"https:\/\/prensapresidencialvenezuela.gob.ve\/index.php\/wp-json\/wp\/v2\/types\/post"}],"author":[{"embeddable":true,"href":"https:\/\/prensapresidencialvenezuela.gob.ve\/index.php\/wp-json\/wp\/v2\/users\/1"}],"replies":[{"embeddable":true,"href":"https:\/\/prensapresidencialvenezuela.gob.ve\/index.php\/wp-json\/wp\/v2\/comments?post=16589"}],"version-history":[{"count":2,"href":"https:\/\/prensapresidencialvenezuela.gob.ve\/index.php\/wp-json\/wp\/v2\/posts\/16589\/revisions"}],"predecessor-version":[{"id":16622,"href":"https:\/\/prensapresidencialvenezuela.gob.ve\/index.php\/wp-json\/wp\/v2\/posts\/16589\/revisions\/16622"}],"wp:featuredmedia":[{"embeddable":true,"href":"https:\/\/prensapresidencialvenezuela.gob.ve\/index.php\/wp-json\/wp\/v2\/media\/16590"}],"wp:attachment":[{"href":"https:\/\/prensapresidencialvenezuela.gob.ve\/index.php\/wp-json\/wp\/v2\/media?parent=16589"}],"wp:term":[{"taxonomy":"category","embeddable":true,"href":"https:\/\/prensapresidencialvenezuela.gob.ve\/index.php\/wp-json\/wp\/v2\/categories?post=16589"},{"taxonomy":"post_tag","embeddable":true,"href":"https:\/\/prensapresidencialvenezuela.gob.ve\/index.php\/wp-json\/wp\/v2\/tags?post=16589"}],"curies":[{"name":"wp","href":"https:\/\/api.w.org\/{rel}","templated":true}]}}