{"id":16592,"date":"2025-01-22T09:25:41","date_gmt":"2025-01-22T13:25:41","guid":{"rendered":"https:\/\/prensapresidencialvenezuela.gob.ve\/?p=16592"},"modified":"2025-01-22T15:06:31","modified_gmt":"2025-01-22T19:06:31","slug":"venezuela-ha-logrado-derrotar-grupos-delincuenciales-en-fusion-popular-militar-policial","status":"publish","type":"post","link":"https:\/\/prensapresidencialvenezuela.gob.ve\/index.php\/2025\/01\/22\/venezuela-ha-logrado-derrotar-grupos-delincuenciales-en-fusion-popular-militar-policial\/","title":{"rendered":"Venezuela ha logrado derrotar grupos delincuenciales en fusi\u00f3n popular-militar-policial"},"content":{"rendered":"\n<p><strong>Fuerte Tiuna, Caracas. \u2013<\/strong> Durante el inicio de los Ejercicios Escudo Bolivariano 2025, el presidente de la Rep\u00fablica y comandante en Jefe de la Fuerza Armada Nacional Bolivariana, Nicol\u00e1s Maduro Moros, inform\u00f3 que Venezuela ha logrado \u00e9xito amplio en la lucha contra los grupos delincuenciales que buscan generar violencia en el pa\u00eds.<\/p>\n\n\n\n<p>\u201cVenezuela ha tenido amplio \u00e9xito en el combate, la derrota y en desmembrar de ra\u00edz los grupos delincuenciales generadores de violencia como prioridad. Y hoy podemos decir que, salvo excepciones en algunos lugares, estos grupos fueron totalmente derrotados y aplastados\u201d, subray\u00f3.<\/p>\n\n\n\n<p>En la jornada destac\u00f3 que activaron los \u00d3rganos de Direcci\u00f3n de la Defensa Integral (ODDI) en todo el territorio nacional: estados, parroquia, municipios; y en las comunidades instruy\u00f3 que deben llegar estos ejercicios.<\/p>\n\n\n\n<p>El Mandatario extendi\u00f3 su mano a otros pa\u00edses que deseen aprender de la experiencia venezolana en el combate contra grupos delincuenciales, al se\u00f1alar que \u201csi alg\u00fan pa\u00eds quiere la experiencia de Venezuela, tiendo mi mano para la lucha contra estos grupos generadores de violencia\u201d.<\/p>\n\n\n\n<p>En este contexto, Maduro hizo referencia a los ex presidentes colombianos \u00c1lvaro Uribe e Iv\u00e1n Duque, a quienes la Asamblea Nacional ha declarado \u201cenemigos p\u00fablicos n\u00famero uno\u201d de Venezuela, quienes son los principales en fomentar el paramilitarismo y el narcotr\u00e1fico desde Colombia.<\/p>\n\n\n\n<p>\u201cEl se\u00f1or Uribe y el se\u00f1or Duque, declarados legalmente por la Asamblea Nacional enemigos p\u00fablicos n\u00famero uno de la Fuerza Armada Nacional Bolivariana, del pueblo de Venezuela y de la fusi\u00f3n Popular Militar Policial\u201d, resalt\u00f3.<\/p>\n\n\n\n<p>En su mensaje a la Fuerza Armada Nacional Bolivariana y al pueblo venezolano, el Jefe de Estado destac\u00f3 la importancia de la unidad y la preparaci\u00f3n para defender la paz.<\/p>\n\n\n\n<p>\u201cSi quieres la paz, prep\u00e1rate para defenderla\u201d, inst\u00f3 a los ciudadanos, llamando a hombres y mujeres patriotas a involucrarse activamente en la protecci\u00f3n de sus territorios.<\/p>\n\n\n\n<p>El presidente tambi\u00e9n subray\u00f3 que este ha sido el ejercicio m\u00e1s completo en t\u00e9rminos de planificaci\u00f3n para la defensa del pa\u00eds.<\/p>\n\n\n\n<p>\u201cVamos a estar estableciendo ejercicios como marca la pauta, caminando uno, dos, tres, cuatro pasos delante de la hip\u00f3tesis de conflictos\u201d, afirm\u00f3.<\/p>\n\n\n\n<p>Asimismo, hizo hincapi\u00e9 en que es esencial mantener y acrecentar el orden y la paz interna del pa\u00eds, as\u00ed como tener un control pleno sobre los grupos delictivos organizados.<\/p>\n\n\n\n<p>En sus palabras, mencion\u00f3 a bandas como el \u201cTren de Aragua\u201d y el \u201cTren del Llano\u201d, describi\u00e9ndolas como instrumentos utilizados para desestabilizar al pa\u00eds y facilitar intervenciones externas.<\/p>\n\n\n\n<p>\u201cLo sabemos en Venezuela, por a\u00f1os los llamados trenes, Tren de Aragua, Tren del Llano, han sido un constructo, instrumento de las pol\u00edticas para atacar al pueblo, desestabilizar nuestro pa\u00eds y facilitar los escenarios intervencionistas para dominar, colonizar a Venezuela\u201d, explic\u00f3.<\/p>\n\n\n\n<p><strong>Prensa Presidencial\/ Eduardo Hueck<\/strong><\/p>\n","protected":false},"excerpt":{"rendered":"<p>Fuerte Tiuna, Caracas. \u2013 Durante el inicio de los Ejercicios Escudo Bolivariano 2025, el presidente de la Rep\u00fablica y comandante en Jefe de la Fuerza Armada Nacional Bolivariana, Nicol\u00e1s Maduro Moros, inform\u00f3 que Venezuela ha logrado \u00e9xito amplio en la lucha contra los grupos delincuenciales que buscan generar violencia en el pa\u00eds. \u201cVenezuela ha tenido [&hellip;]<\/p>\n","protected":false},"author":1,"featured_media":16597,"comment_status":"open","ping_status":"open","sticky":false,"template":"","format":"standard","meta":{"footnotes":""},"categories":[18,7],"tags":[19,451,27,20],"class_list":["post-16592","post","type-post","status-publish","format-standard","has-post-thumbnail","hentry","category-noticias-principales","category-notas-de-prensa","tag-nicolas-maduro","tag-pueblo","tag-revolucion-bolivariana","tag-venezuela"],"_links":{"self":[{"href":"https:\/\/prensapresidencialvenezuela.gob.ve\/index.php\/wp-json\/wp\/v2\/posts\/16592","targetHints":{"allow":["GET"]}}],"collection":[{"href":"https:\/\/prensapresidencialvenezuela.gob.ve\/index.php\/wp-json\/wp\/v2\/posts"}],"about":[{"href":"https:\/\/prensapresidencialvenezuela.gob.ve\/index.php\/wp-json\/wp\/v2\/types\/post"}],"author":[{"embeddable":true,"href":"https:\/\/prensapresidencialvenezuela.gob.ve\/index.php\/wp-json\/wp\/v2\/users\/1"}],"replies":[{"embeddable":true,"href":"https:\/\/prensapresidencialvenezuela.gob.ve\/index.php\/wp-json\/wp\/v2\/comments?post=16592"}],"version-history":[{"count":2,"href":"https:\/\/prensapresidencialvenezuela.gob.ve\/index.php\/wp-json\/wp\/v2\/posts\/16592\/revisions"}],"predecessor-version":[{"id":16625,"href":"https:\/\/prensapresidencialvenezuela.gob.ve\/index.php\/wp-json\/wp\/v2\/posts\/16592\/revisions\/16625"}],"wp:featuredmedia":[{"embeddable":true,"href":"https:\/\/prensapresidencialvenezuela.gob.ve\/index.php\/wp-json\/wp\/v2\/media\/16597"}],"wp:attachment":[{"href":"https:\/\/prensapresidencialvenezuela.gob.ve\/index.php\/wp-json\/wp\/v2\/media?parent=16592"}],"wp:term":[{"taxonomy":"category","embeddable":true,"href":"https:\/\/prensapresidencialvenezuela.gob.ve\/index.php\/wp-json\/wp\/v2\/categories?post=16592"},{"taxonomy":"post_tag","embeddable":true,"href":"https:\/\/prensapresidencialvenezuela.gob.ve\/index.php\/wp-json\/wp\/v2\/tags?post=16592"}],"curies":[{"name":"wp","href":"https:\/\/api.w.org\/{rel}","templated":true}]}}