{"id":16599,"date":"2025-01-22T10:57:51","date_gmt":"2025-01-22T14:57:51","guid":{"rendered":"https:\/\/prensapresidencialvenezuela.gob.ve\/?p=16599"},"modified":"2025-01-22T11:11:57","modified_gmt":"2025-01-22T15:11:57","slug":"fanb-se-despliega-en-ayuda-a-desplazados-colombianos","status":"publish","type":"post","link":"https:\/\/prensapresidencialvenezuela.gob.ve\/index.php\/2025\/01\/22\/fanb-se-despliega-en-ayuda-a-desplazados-colombianos\/","title":{"rendered":"FANB se despliega en ayuda a desplazados colombianos"},"content":{"rendered":"\n<p><strong>Fuerte Tiuna, Caracas.-<\/strong> En un esfuerzo significativo por la solidaridad internacional y el compromiso humanitario del pueblo venezolano, el Vicepresidente Sectorial de Pol\u00edtica, Seguridad Ciudadana y Paz, Diosdado Cabello Rond\u00f3n, anunci\u00f3 a trav\u00e9s de un pase televisivo,\u00a0la movilizaci\u00f3n de 680 valientes combatientes de la Fuerza Armada Nacional Bolivariana (FANB), acompa\u00f1ados por efectivos de la Fuerza Policial, Protecci\u00f3n Civil y Bomberos, hacia el Catatumbo, en el estado Zulia.<\/p>\n\n\n\n<p>Este despliegue tiene como objetivo brindar apoyo y asistencia humanitaria a los ciudadanos colombianos que han sido forzados a abandonar su tierra ante la violencia desatada en su pa\u00eds.<\/p>\n\n\n\n<p><strong>Operaci\u00f3n Mercurio<\/strong><\/p>\n\n\n\n<p>Durante el lanzamiento de los Primeros Ejercicios Escudo Bolivariano 2025, Cabello enfatiz\u00f3 la importancia estrat\u00e9gica del Catatumbo , como parte de la Operaci\u00f3n Mercurio, una iniciativa estatal que resalta la voluntad de Venezuela de proporcionar ayuda humanitaria y expresar solidaridad con el pueblo colombiano que sufre a causa de los graves conflictos sociales y pol\u00edticos que afectan la Regi\u00f3n.<\/p>\n\n\n\n<p>\u00abVenezuela se encuentra en plena acci\u00f3n, con sus puertas abiertas para aquellos que buscan refugio de la barbarie y la muerte. Estos hombres y mujeres desplazados han sido recibidos, atendidos y protegidos en nuestro territorio. Puedo afirmar, Presidente, que esta es una operaci\u00f3n genuina y necesaria\u00bb, declar\u00f3 Cabello con firmeza.<\/p>\n\n\n\n<p>A su vez, el presidente Nicol\u00e1s Maduro reiter\u00f3 el compromiso de Venezuela de contribuir a la construcci\u00f3n de la paz en Colombia, citando las ense\u00f1anzas de Sim\u00f3n Bol\u00edvar.<\/p>\n\n\n\n<p>\u00abNosotros ayudaremos a construir la paz en Colombia, con Bol\u00edvar. La FANB, junto con nuestras fuerzas policiales y el pueblo venezolano, respalda al pueblo colombiano con solidaridad y amor en estos momentos oscuros\u00bb, afirm\u00f3 el Mandatario.<\/p>\n\n\n\n<p><strong>Revoluci\u00f3n Bolivariana en acci\u00f3n<\/strong><\/p>\n\n\n\n<p>El jefe de Estado tambi\u00e9n resalt\u00f3 el papel fundamental de los l\u00edderes comunales, quienes est\u00e1n trabajando incansablemente para apoyar a las mujeres, ni\u00f1os, ancianos y todos aquellos que han llegado a nuestro pa\u00eds en busca de tranquilidad. Actualmente, m\u00e1s de 2 mil hombres y mujeres de las fuerzas armadas est\u00e1n comprometidos a garantizar la paz, la seguridad y la estabilidad en la frontera, reflejando la esencia de la cooperaci\u00f3n internacional y la hermandad latinoamericana en tiempos de crisis.<\/p>\n\n\n\n<p>As\u00ed, Venezuela se presenta como un baluarte de la solidaridad en la Regi\u00f3n, reafirmando su lugar como un actor vital en la construcci\u00f3n de un futuro m\u00e1s justo y pac\u00edfico para todos los pueblos de Am\u00e9rica Latina.<\/p>\n\n\n\n<p><strong>Prensa Presidencial\/ Luis Tavera<\/strong><\/p>\n\n\n\n<p><\/p>\n","protected":false},"excerpt":{"rendered":"<p>Fuerte Tiuna, Caracas.- En un esfuerzo significativo por la solidaridad internacional y el compromiso humanitario del pueblo venezolano, el Vicepresidente Sectorial de Pol\u00edtica, Seguridad Ciudadana y Paz, Diosdado Cabello Rond\u00f3n, anunci\u00f3 a trav\u00e9s de un pase televisivo,\u00a0la movilizaci\u00f3n de 680 valientes combatientes de la Fuerza Armada Nacional Bolivariana (FANB), acompa\u00f1ados por efectivos de la Fuerza [&hellip;]<\/p>\n","protected":false},"author":1,"featured_media":16600,"comment_status":"open","ping_status":"open","sticky":false,"template":"","format":"standard","meta":{"footnotes":""},"categories":[18,7],"tags":[],"class_list":["post-16599","post","type-post","status-publish","format-standard","has-post-thumbnail","hentry","category-noticias-principales","category-notas-de-prensa"],"_links":{"self":[{"href":"https:\/\/prensapresidencialvenezuela.gob.ve\/index.php\/wp-json\/wp\/v2\/posts\/16599","targetHints":{"allow":["GET"]}}],"collection":[{"href":"https:\/\/prensapresidencialvenezuela.gob.ve\/index.php\/wp-json\/wp\/v2\/posts"}],"about":[{"href":"https:\/\/prensapresidencialvenezuela.gob.ve\/index.php\/wp-json\/wp\/v2\/types\/post"}],"author":[{"embeddable":true,"href":"https:\/\/prensapresidencialvenezuela.gob.ve\/index.php\/wp-json\/wp\/v2\/users\/1"}],"replies":[{"embeddable":true,"href":"https:\/\/prensapresidencialvenezuela.gob.ve\/index.php\/wp-json\/wp\/v2\/comments?post=16599"}],"version-history":[{"count":2,"href":"https:\/\/prensapresidencialvenezuela.gob.ve\/index.php\/wp-json\/wp\/v2\/posts\/16599\/revisions"}],"predecessor-version":[{"id":16603,"href":"https:\/\/prensapresidencialvenezuela.gob.ve\/index.php\/wp-json\/wp\/v2\/posts\/16599\/revisions\/16603"}],"wp:featuredmedia":[{"embeddable":true,"href":"https:\/\/prensapresidencialvenezuela.gob.ve\/index.php\/wp-json\/wp\/v2\/media\/16600"}],"wp:attachment":[{"href":"https:\/\/prensapresidencialvenezuela.gob.ve\/index.php\/wp-json\/wp\/v2\/media?parent=16599"}],"wp:term":[{"taxonomy":"category","embeddable":true,"href":"https:\/\/prensapresidencialvenezuela.gob.ve\/index.php\/wp-json\/wp\/v2\/categories?post=16599"},{"taxonomy":"post_tag","embeddable":true,"href":"https:\/\/prensapresidencialvenezuela.gob.ve\/index.php\/wp-json\/wp\/v2\/tags?post=16599"}],"curies":[{"name":"wp","href":"https:\/\/api.w.org\/{rel}","templated":true}]}}