{"id":16610,"date":"2025-01-22T12:07:50","date_gmt":"2025-01-22T16:07:50","guid":{"rendered":"https:\/\/prensapresidencialvenezuela.gob.ve\/?p=16610"},"modified":"2025-01-22T12:07:51","modified_gmt":"2025-01-22T16:07:51","slug":"ejercicios-escudo-bolivariano-2025-refuerzan-el-resguardo-de-la-paz-en-estados-fronterizos","status":"publish","type":"post","link":"https:\/\/prensapresidencialvenezuela.gob.ve\/index.php\/2025\/01\/22\/ejercicios-escudo-bolivariano-2025-refuerzan-el-resguardo-de-la-paz-en-estados-fronterizos\/","title":{"rendered":"Ejercicios Escudo Bolivariano 2025 refuerzan el resguardo de la paz en estados fronterizos"},"content":{"rendered":"\n<p><strong>Fuerte Tiuna, Caracas.- <\/strong>El presidente de la Rep\u00fablica Bolivariana de Venezuela, Nicol\u00e1s Maduro, se comunic\u00f3 a trav\u00e9s de un contacto televisivo con el gobernador del estado T\u00e1chira, Freddy Bernal, para dar inicio a los Ejercicios Escudo Bolivariano 2025, una serie de maniobras destinadas a fortalecer la defensa de la paz y la democracia en toda la regi\u00f3n andina del pa\u00eds.<\/p>\n\n\n\n<p><strong>Refuerzo de seguridad fronteriza<\/strong><\/p>\n\n\n\n<p>A prop\u00f3sito de estos ejercicios, Bernal enfatiz\u00f3 la necesidad de reforzar la seguridad en los pasos fronterizos.<\/p>\n\n\n\n<p>\u00abMantenemos la alerta en la frontera de manera permanente. Especialmente desde el 15 de diciembre, hemos estado desplegados en perfecta fusi\u00f3n popular-militar-policial para proteger cualquier eventualidad que se pudiera haber presentado con motivo de la toma de posesi\u00f3n del presidente Maduro, el pasado 10 de enero\u00bb, declar\u00f3 el gobernador.<\/p>\n\n\n\n<p><strong>Despliegue de fuerzas de seguridad<\/strong><\/p>\n\n\n\n<p>El gobernador Bernal tambi\u00e9n subray\u00f3 que en estos ejercicios participan funcionarios de la Fuerza Armada Nacional Bolivariana (FANB), la Polic\u00eda del estado T\u00e1chira, Protecci\u00f3n Civil (PC), el Servicio Bolivariano de Inteligencia Nacional (Sebin) y el Cuerpo de Bomberos de T\u00e1chira.<\/p>\n\n\n\n<p>\u00abAqu\u00ed vamos a esta batalla por la paz, bajo instrucciones del jefe de Estado. Por aqu\u00ed no van a pasar, estamos alertas 24\/7\u00bb, agreg\u00f3 con firmeza.<\/p>\n\n\n\n<p>Asimismo, inform\u00f3 que \u00abm\u00e1s de 30 mil ciudadanos se han desplazado hacia estados de Venezuela que comparten frontera con Colombia, en respuesta a hechos de violencia perpetrados por grupos organizados en el pa\u00eds vecino\u00bb.<\/p>\n\n\n\n<p>Este \u00e9xodo genera preocupaci\u00f3n y genera un contexto en el que las medidas de seguridad se intensifican.<\/p>\n\n\n\n<p><strong>Estrategia regional de defensa<\/strong><\/p>\n\n\n\n<p>Finalmente, el comandante de la Regi\u00f3n Estrat\u00e9gica de Defensa Integral (REDI) Los Andes, M\/G Jos\u00e9 Mart\u00ednez, comunic\u00f3 que m\u00e1s de 18 mil efectivos de la FANB, junto a organismos de seguridad ciudadana y \u00f3rganos de defensa integral de la Patria, han sido movilizados.<\/p>\n\n\n\n<p>Mart\u00ednez tambi\u00e9n revel\u00f3 que se han desarrollado 24 ejercicios en toda la regi\u00f3n andina, evidenciando el compromiso del Gobierno con la seguridad y la estabilidad en la zona.<\/p>\n\n\n\n<p><strong>Prensa Presidencial\/ Luis Tavera<\/strong><\/p>\n","protected":false},"excerpt":{"rendered":"<p>Fuerte Tiuna, Caracas.- El presidente de la Rep\u00fablica Bolivariana de Venezuela, Nicol\u00e1s Maduro, se comunic\u00f3 a trav\u00e9s de un contacto televisivo con el gobernador del estado T\u00e1chira, Freddy Bernal, para dar inicio a los Ejercicios Escudo Bolivariano 2025, una serie de maniobras destinadas a fortalecer la defensa de la paz y la democracia en toda [&hellip;]<\/p>\n","protected":false},"author":1,"featured_media":16612,"comment_status":"open","ping_status":"open","sticky":false,"template":"","format":"standard","meta":{"footnotes":""},"categories":[18,7],"tags":[30,65,19,451,27,20],"class_list":["post-16610","post","type-post","status-publish","format-standard","has-post-thumbnail","hentry","category-noticias-principales","category-notas-de-prensa","tag-destacado","tag-fanb","tag-nicolas-maduro","tag-pueblo","tag-revolucion-bolivariana","tag-venezuela"],"_links":{"self":[{"href":"https:\/\/prensapresidencialvenezuela.gob.ve\/index.php\/wp-json\/wp\/v2\/posts\/16610","targetHints":{"allow":["GET"]}}],"collection":[{"href":"https:\/\/prensapresidencialvenezuela.gob.ve\/index.php\/wp-json\/wp\/v2\/posts"}],"about":[{"href":"https:\/\/prensapresidencialvenezuela.gob.ve\/index.php\/wp-json\/wp\/v2\/types\/post"}],"author":[{"embeddable":true,"href":"https:\/\/prensapresidencialvenezuela.gob.ve\/index.php\/wp-json\/wp\/v2\/users\/1"}],"replies":[{"embeddable":true,"href":"https:\/\/prensapresidencialvenezuela.gob.ve\/index.php\/wp-json\/wp\/v2\/comments?post=16610"}],"version-history":[{"count":1,"href":"https:\/\/prensapresidencialvenezuela.gob.ve\/index.php\/wp-json\/wp\/v2\/posts\/16610\/revisions"}],"predecessor-version":[{"id":16613,"href":"https:\/\/prensapresidencialvenezuela.gob.ve\/index.php\/wp-json\/wp\/v2\/posts\/16610\/revisions\/16613"}],"wp:featuredmedia":[{"embeddable":true,"href":"https:\/\/prensapresidencialvenezuela.gob.ve\/index.php\/wp-json\/wp\/v2\/media\/16612"}],"wp:attachment":[{"href":"https:\/\/prensapresidencialvenezuela.gob.ve\/index.php\/wp-json\/wp\/v2\/media?parent=16610"}],"wp:term":[{"taxonomy":"category","embeddable":true,"href":"https:\/\/prensapresidencialvenezuela.gob.ve\/index.php\/wp-json\/wp\/v2\/categories?post=16610"},{"taxonomy":"post_tag","embeddable":true,"href":"https:\/\/prensapresidencialvenezuela.gob.ve\/index.php\/wp-json\/wp\/v2\/tags?post=16610"}],"curies":[{"name":"wp","href":"https:\/\/api.w.org\/{rel}","templated":true}]}}