{"id":16627,"date":"2025-01-22T15:13:12","date_gmt":"2025-01-22T19:13:12","guid":{"rendered":"https:\/\/prensapresidencialvenezuela.gob.ve\/?p=16627"},"modified":"2025-01-22T15:13:12","modified_gmt":"2025-01-22T19:13:12","slug":"venezuela-ofrece-su-experiencia-en-el-combate-contra-grupos-violentos-a-las-naciones-de-toda-america","status":"publish","type":"post","link":"https:\/\/prensapresidencialvenezuela.gob.ve\/index.php\/2025\/01\/22\/venezuela-ofrece-su-experiencia-en-el-combate-contra-grupos-violentos-a-las-naciones-de-toda-america\/","title":{"rendered":"Venezuela ofrece su experiencia en el combate contra grupos violentos a las naciones de toda Am\u00e9rica"},"content":{"rendered":"\n<p><strong>Fuerte Tiuna, Caracas.- <\/strong>El presidente de la Rep\u00fablica Bolivariana de Venezuela y Comandante en Jefe de la Fuerza Armada Nacional Bolivariana (FANB), Nicol\u00e1s Maduro, enfatiz\u00f3 que Venezuela ofrece su experiencia en el combate contra grupos violentos a las naciones hermanas de toda Am\u00e9rica.<\/p>\n\n\n\n<p>\u201cVenezuela ofrece su experiencia en el combate contra los grupos generadores de violencia a todos los hermanos pa\u00edses de nuestra Am\u00e9rica, para que conozcan de nuestra capacidad de inteligencia, contrainteligencia, acci\u00f3n armada y nuestra resoluci\u00f3n absoluta de tener un pa\u00eds seguro, estable, pacifico y de contribuir con toda la Am\u00e9rica para que toda sea territorio de paz y seguro\u201d, asever\u00f3 el Mandatario venezolano, durante el acto del Despliegue del Ejercicio Escudo Bolivariano 2025, realizado este mi\u00e9rcoles.<\/p>\n\n\n\n<p>\u201cEs lo que m\u00e1s anhelamos\u201d, acot\u00f3.<\/p>\n\n\n\n<p>Esta posici\u00f3n la fij\u00f3 el Dignatario nacional luego de subrayar que adem\u00e1s de ser territorio de paz, Am\u00e9rica Latina y el Caribe es zona libre, independiente y soberana.<\/p>\n\n\n\n<p>Indic\u00f3: \u201cColonia de nadie (\u2026) no tenemos amos. El 5 de julio de 1811, rompimos las cadenas y m\u00e1s nunca tendremos amos ni se\u00f1ores que pretendan dominarnos, rebeldes y bien revolucionarios que somos\u201d, dijo el presidente Maduro.<\/p>\n\n\n\n<p>El l\u00edder bolivariano, adem\u00e1s, ratific\u00f3 que Venezuela es un pa\u00eds pacifista y que aboga por la paz&nbsp; de Nuestra Am\u00e9rica. \u201cLevantamos las dos manos, la Comunidad de Estados Latinoamericanos y Caribe\u00f1os en La Habana, en enero 2014: Territorio de Paz, Am\u00e9rica Latina y el Caribe\u201d, evoc\u00f3 el Presidente, respecto a la visi\u00f3n y posici\u00f3n unionista de los bloques integradores de Am\u00e9rica Latina y el Caribe.<\/p>\n\n\n\n<p>En esta l\u00ednea, indic\u00f3 que como comandante en jefe de la FANB y presidente constitucional, est\u00e1 \u201cal frente junto a este poderoso equipo militar, popular, policial\u201d.<\/p>\n\n\n\n<p>En sus palabras, tambi\u00e9n alert\u00f3 acerca de que \u201cuna de las formas que ellos (los grupos delincuenciales)&nbsp; usan es sembrar, entrenar y financiar con drogas a grupos violentos\u201d, al sostener que \u201cdesde Venezuela esto se est\u00e1 atacando, y uno por uno, se ha ido desarticulando\u201d.<\/p>\n\n\n\n<p><strong>Prensa Presidencial \/ Ana\u00eds P\u00e9rez<\/strong><\/p>\n","protected":false},"excerpt":{"rendered":"<p>Fuerte Tiuna, Caracas.- El presidente de la Rep\u00fablica Bolivariana de Venezuela y Comandante en Jefe de la Fuerza Armada Nacional Bolivariana (FANB), Nicol\u00e1s Maduro, enfatiz\u00f3 que Venezuela ofrece su experiencia en el combate contra grupos violentos a las naciones hermanas de toda Am\u00e9rica. \u201cVenezuela ofrece su experiencia en el combate contra los grupos generadores de [&hellip;]<\/p>\n","protected":false},"author":1,"featured_media":16628,"comment_status":"open","ping_status":"open","sticky":false,"template":"","format":"standard","meta":{"footnotes":""},"categories":[18,7],"tags":[1220,1050,1221,20],"class_list":["post-16627","post","type-post","status-publish","format-standard","has-post-thumbnail","hentry","category-noticias-principales","category-notas-de-prensa","tag-america","tag-combate","tag-experiencia","tag-venezuela"],"_links":{"self":[{"href":"https:\/\/prensapresidencialvenezuela.gob.ve\/index.php\/wp-json\/wp\/v2\/posts\/16627","targetHints":{"allow":["GET"]}}],"collection":[{"href":"https:\/\/prensapresidencialvenezuela.gob.ve\/index.php\/wp-json\/wp\/v2\/posts"}],"about":[{"href":"https:\/\/prensapresidencialvenezuela.gob.ve\/index.php\/wp-json\/wp\/v2\/types\/post"}],"author":[{"embeddable":true,"href":"https:\/\/prensapresidencialvenezuela.gob.ve\/index.php\/wp-json\/wp\/v2\/users\/1"}],"replies":[{"embeddable":true,"href":"https:\/\/prensapresidencialvenezuela.gob.ve\/index.php\/wp-json\/wp\/v2\/comments?post=16627"}],"version-history":[{"count":1,"href":"https:\/\/prensapresidencialvenezuela.gob.ve\/index.php\/wp-json\/wp\/v2\/posts\/16627\/revisions"}],"predecessor-version":[{"id":16629,"href":"https:\/\/prensapresidencialvenezuela.gob.ve\/index.php\/wp-json\/wp\/v2\/posts\/16627\/revisions\/16629"}],"wp:featuredmedia":[{"embeddable":true,"href":"https:\/\/prensapresidencialvenezuela.gob.ve\/index.php\/wp-json\/wp\/v2\/media\/16628"}],"wp:attachment":[{"href":"https:\/\/prensapresidencialvenezuela.gob.ve\/index.php\/wp-json\/wp\/v2\/media?parent=16627"}],"wp:term":[{"taxonomy":"category","embeddable":true,"href":"https:\/\/prensapresidencialvenezuela.gob.ve\/index.php\/wp-json\/wp\/v2\/categories?post=16627"},{"taxonomy":"post_tag","embeddable":true,"href":"https:\/\/prensapresidencialvenezuela.gob.ve\/index.php\/wp-json\/wp\/v2\/tags?post=16627"}],"curies":[{"name":"wp","href":"https:\/\/api.w.org\/{rel}","templated":true}]}}