{"id":16630,"date":"2025-01-22T15:24:43","date_gmt":"2025-01-22T19:24:43","guid":{"rendered":"https:\/\/prensapresidencialvenezuela.gob.ve\/?p=16630"},"modified":"2025-01-22T15:25:03","modified_gmt":"2025-01-22T19:25:03","slug":"en-claves-conozca-las-tareas-que-garantizaran-los-organos-de-direccion-de-defensa-integral","status":"publish","type":"post","link":"https:\/\/prensapresidencialvenezuela.gob.ve\/index.php\/2025\/01\/22\/en-claves-conozca-las-tareas-que-garantizaran-los-organos-de-direccion-de-defensa-integral\/","title":{"rendered":"En Claves | Conozca las tareas que garantizar\u00e1n los \u00d3rganos de Direcci\u00f3n de Defensa Integral"},"content":{"rendered":"\n<p><strong>Fuerte Tiuna, Caracas.-<\/strong>&nbsp;Durante el inicio de los Ejercicios Escudo Bolivariano 2025, el presidente de la Rep\u00fablica y comandante en jefe de la Fuerza Armada Nacional Bolivariana, Nicol\u00e1s Maduro Moros, explic\u00f3 los elementos que abordar\u00e1n los \u00d3rganos de Direcci\u00f3n de Defensa Integral en el territorio nacional.<\/p>\n\n\n\n<p>\u00ab\u00d3rganos de Direcci\u00f3n de Defensa Integral, los ODDI, que ya activamos en enero. Los ODDI de estados, los ODDI municipales, los ODDI parroquiales, y debe llegar en el desarrollo del ejercicio a los ODDI comunales, al territorio\u00bb, detall\u00f3.<\/p>\n\n\n\n<p>A continuaci\u00f3n, los puntos que el presidente Nicol\u00e1s Maduro destac\u00f3:<\/p>\n\n\n\n<ul class=\"wp-block-list\">\n<li>Mantener y acrecentar el orden y la paz interna del pa\u00eds junto al pueblo, para tener pleno control sobre grupos generadores de violencia, delincuencia organizada, estructurada.<\/li>\n\n\n\n<li>Control fronterizo y defensa territorial, espacios mar\u00edtimos y a\u00e9reos.<\/li>\n\n\n\n<li>La protecci\u00f3n de infraestructuras vitales, instalaciones esenciales del funcionamiento del pa\u00eds.<\/li>\n\n\n\n<li>La defensa de las v\u00edas de comunicaci\u00f3n y todo lo que tiene que ver con la capacidad de movimiento y movilidad del pa\u00eds.<\/li>\n\n\n\n<li>La protecci\u00f3n integral de ciudades, unidades militares, pueblos, barrios, territorios urbanos, aeropuertos, hospitales, centros de educaci\u00f3n.<\/li>\n\n\n\n<li>Entrenar para tener alta capacidad de reacci\u00f3n integral inmediata ante cualquier sorpresa.<\/li>\n<\/ul>\n\n\n\n<p>El Mandatario venezolano destac\u00f3 la importancia de la defensa nacional y subray\u00f3 la necesidad de desplegar acciones en conjunto con el pueblo en los pr\u00f3ximos d\u00edas.<\/p>\n\n\n\n<p>\u00abVamos a ir desplegando hoy mi\u00e9rcoles 22 de enero, ma\u00f1ana jueves 23 de enero, junto a todo nuestro pueblo\u00bb, agreg\u00f3, al enfatizar la participaci\u00f3n ciudadana como un pilar fundamental en la defensa de la Naci\u00f3n.<\/p>\n\n\n\n<p>En sus palabras, el Presidente hizo un llamado a todos los venezolanos: \u00abSi quieres la paz, constr\u00fayela al frente, ponte al frente para construir la paz. Si quieres la paz, defi\u00e9ndela. Si quieres la paz, pres\u00e9rvala\u00bb.<\/p>\n\n\n\n<p>\u00abCon la paz todo lo hemos podido, con la paz todo lo construiremos, todo lo haremos\u00bb, a\u00f1adi\u00f3 al reafirmar su compromiso con el desarrollo del pa\u00eds.<\/p>\n\n\n\n<p><strong>Prensa Presidencial \/ Eduardo Hueck<\/strong><\/p>\n","protected":false},"excerpt":{"rendered":"<p>Fuerte Tiuna, Caracas.-&nbsp;Durante el inicio de los Ejercicios Escudo Bolivariano 2025, el presidente de la Rep\u00fablica y comandante en jefe de la Fuerza Armada Nacional Bolivariana, Nicol\u00e1s Maduro Moros, explic\u00f3 los elementos que abordar\u00e1n los \u00d3rganos de Direcci\u00f3n de Defensa Integral en el territorio nacional. \u00ab\u00d3rganos de Direcci\u00f3n de Defensa Integral, los ODDI, que ya [&hellip;]<\/p>\n","protected":false},"author":1,"featured_media":16632,"comment_status":"open","ping_status":"open","sticky":false,"template":"","format":"standard","meta":{"footnotes":""},"categories":[18,7],"tags":[527,1202,917],"class_list":["post-16630","post","type-post","status-publish","format-standard","has-post-thumbnail","hentry","category-noticias-principales","category-notas-de-prensa","tag-nacion","tag-oddi","tag-tareas"],"_links":{"self":[{"href":"https:\/\/prensapresidencialvenezuela.gob.ve\/index.php\/wp-json\/wp\/v2\/posts\/16630","targetHints":{"allow":["GET"]}}],"collection":[{"href":"https:\/\/prensapresidencialvenezuela.gob.ve\/index.php\/wp-json\/wp\/v2\/posts"}],"about":[{"href":"https:\/\/prensapresidencialvenezuela.gob.ve\/index.php\/wp-json\/wp\/v2\/types\/post"}],"author":[{"embeddable":true,"href":"https:\/\/prensapresidencialvenezuela.gob.ve\/index.php\/wp-json\/wp\/v2\/users\/1"}],"replies":[{"embeddable":true,"href":"https:\/\/prensapresidencialvenezuela.gob.ve\/index.php\/wp-json\/wp\/v2\/comments?post=16630"}],"version-history":[{"count":2,"href":"https:\/\/prensapresidencialvenezuela.gob.ve\/index.php\/wp-json\/wp\/v2\/posts\/16630\/revisions"}],"predecessor-version":[{"id":16634,"href":"https:\/\/prensapresidencialvenezuela.gob.ve\/index.php\/wp-json\/wp\/v2\/posts\/16630\/revisions\/16634"}],"wp:featuredmedia":[{"embeddable":true,"href":"https:\/\/prensapresidencialvenezuela.gob.ve\/index.php\/wp-json\/wp\/v2\/media\/16632"}],"wp:attachment":[{"href":"https:\/\/prensapresidencialvenezuela.gob.ve\/index.php\/wp-json\/wp\/v2\/media?parent=16630"}],"wp:term":[{"taxonomy":"category","embeddable":true,"href":"https:\/\/prensapresidencialvenezuela.gob.ve\/index.php\/wp-json\/wp\/v2\/categories?post=16630"},{"taxonomy":"post_tag","embeddable":true,"href":"https:\/\/prensapresidencialvenezuela.gob.ve\/index.php\/wp-json\/wp\/v2\/tags?post=16630"}],"curies":[{"name":"wp","href":"https:\/\/api.w.org\/{rel}","templated":true}]}}