{"id":16635,"date":"2025-01-21T20:10:00","date_gmt":"2025-01-22T00:10:00","guid":{"rendered":"https:\/\/prensapresidencialvenezuela.gob.ve\/?p=16635"},"modified":"2025-01-22T16:25:25","modified_gmt":"2025-01-22T20:25:25","slug":"venezuela-denuncia-sanciones-y-defiende-soberania-en-foro-de-movilidad-humana","status":"publish","type":"post","link":"https:\/\/prensapresidencialvenezuela.gob.ve\/index.php\/2025\/01\/21\/venezuela-denuncia-sanciones-y-defiende-soberania-en-foro-de-movilidad-humana\/","title":{"rendered":"Venezuela denuncia sanciones y defiende soberan\u00eda en Foro de Movilidad Humana"},"content":{"rendered":"\n<p><strong>Palacio de Miraflores, Caracas.-<\/strong> En un esfuerzo por abordar de manera conjunta los desaf\u00edos que presenta la migraci\u00f3n en Am\u00e9rica Latina, el jefe de Estado, &nbsp;Nicol\u00e1s Maduro, destac\u00f3 la participaci\u00f3n de Venezuela en la Reuni\u00f3n sobre Movilidad Humana en la Ruta Norte del Continente, celebrada en Ciudad de M\u00e9xico, entre los d\u00edas 16 y 17 de enero.<\/p>\n\n\n\n<p>Este encuentro reuni\u00f3 a autoridades de diez naciones de la regi\u00f3n, promoviendo un di\u00e1logo abierto sobre la crisis migratoria que afecta a m\u00faltiples pa\u00edses, record\u00f3 el Mandatario nacional en el contexto del Consejo Econ\u00f3mico, celebrado este martes en el Palacio de Miraflores.<\/p>\n\n\n\n<p>En este sentido, el Dignatario nacional subray\u00f3 que la migraci\u00f3n venezolana entre 2017 y 2019 fue consecuencia de las medidas coercitivas unilaterales solicitadas por sectores de la derecha extremista, representados por Juan Guaid\u00f3 y sus aliados.<\/p>\n\n\n\n<p>\u201cFueron estas sanciones las que provocaron un fen\u00f3meno migratorio sin precedentes en nuestra historia\u201d, reiter\u00f3 el Presidente venezolano, al tiempo que responsabiliz\u00f3 a los coyotes, controlados por la oposici\u00f3n, de enga\u00f1ar a los venezolanos con promesas falaces sobre mejores oportunidades en el extranjero.<\/p>\n\n\n\n<p>\u201cComenzaron a llevarse a nuestros compatriotas con ofertas enga\u00f1osas, utiliz\u00e1ndolas a trav\u00e9s de las redes sociales para llevarlos a pa\u00edses de Am\u00e9rica del Sur y luego a Estados Unidos\u201d, denunci\u00f3 el Mandatario.<\/p>\n\n\n\n<p>Frente a esta realidad, hizo un llamado a sus compatriotas que se encuentran en el extranjero, invit\u00e1ndolos a regresar a su Patria.<\/p>\n\n\n\n<p>\u201cLos esperamos para ser felices trabajando, rescatando adem\u00e1s el derecho m\u00e1s preciado que todos tenemos: el derecho a rumbear\u201d, manifest\u00f3.<\/p>\n\n\n\n<p><strong>Cumbre exitosa<\/strong><\/p>\n\n\n\n<p>El Dignatario tambi\u00e9n reiter\u00f3 la importancia de la colaboraci\u00f3n en la gesti\u00f3n migratoria, al afirmar: \u201cHe invitado al Vicecanciller para Am\u00e9rica Latina, Rander Pe\u00f1a, quien viene de una cumbre exitosa en M\u00e9xico, de varios pa\u00edses, para abordar el tema migratorio y prepararnos junto a M\u00e9xico, Honduras, Colombia, y otras naciones de Am\u00e9rica Latina\u201d.<\/p>\n\n\n\n<p>La reuni\u00f3n, organizada por la Secretar\u00eda de Relaciones Exteriores (SRE) de M\u00e9xico, cont\u00f3 con la participaci\u00f3n de ministros, viceministros y jefes de delegaci\u00f3n de Belice, Brasil, Colombia, Cuba, El Salvador, Guatemala, Hait\u00ed, Honduras, M\u00e9xico y Venezuela.<\/p>\n\n\n\n<p>Este encuentro estrat\u00e9gico se centr\u00f3 en la b\u00fasqueda de soluciones efectivas para enfrentar las causas y consecuencias de un fen\u00f3meno migratorio que afecta a millones de personas en la Regi\u00f3n.<\/p>\n\n\n\n<p>El Viceministro de Relaciones Exteriores para Am\u00e9rica Latina de Venezuela, Rander Pe\u00f1a, tambi\u00e9n abord\u00f3 la problem\u00e1tica migratoria tras su participaci\u00f3n en el encuentro.<\/p>\n\n\n\n<p><strong>La verdad del pueblo venezolano se escuch\u00f3 en el foro<\/strong><\/p>\n\n\n\n<p>En un mensaje compartido en su canal de Telegram, Pe\u00f1a expres\u00f3: \u201cEn nombre del presidente Nicol\u00e1s Maduro hemos tra\u00eddo la verdad del pueblo venezolano y expuesto las causas estructurales que han motivado la migraci\u00f3n venezolana, principalmente econ\u00f3micas\u00bb.<\/p>\n\n\n\n<p>Pe\u00f1a enfatiz\u00f3 que la principal causa de la migraci\u00f3n venezolana es el impacto de las criminales medidas coercitivas unilaterales impuestas por Estados Unidos y la Uni\u00f3n Europea.<\/p>\n\n\n\n<p>As\u00ed lo denunci\u00f3 el diplom\u00e1tico, quien resalt\u00f3 que \u201cestas acciones han provocado p\u00e9rdidas del 99% de los recursos nacionales\u201d, lo que ha contribuido significativamente a los desaf\u00edos econ\u00f3micos que enfrenta el pa\u00eds y ha obligado a muchos venezolanos a buscar nuevas oportunidades en el extranjero.<\/p>\n\n\n\n<p>Este encuentro en M\u00e9xico marca un paso importante en la colaboraci\u00f3n entre pa\u00edses de la Regi\u00f3n, para enfrentar los desaf\u00edos migratorios, al tiempo que permite a Venezuela presentar su perspectiva sobre las causas de la migraci\u00f3n, buscando construir una colaboraci\u00f3n m\u00e1s efectiva en un contexto de crisis.<\/p>\n\n\n\n<p><strong>Prensa Presidencial\/ Luis Tavera<\/strong><\/p>\n","protected":false},"excerpt":{"rendered":"<p>Palacio de Miraflores, Caracas.- En un esfuerzo por abordar de manera conjunta los desaf\u00edos que presenta la migraci\u00f3n en Am\u00e9rica Latina, el jefe de Estado, &nbsp;Nicol\u00e1s Maduro, destac\u00f3 la participaci\u00f3n de Venezuela en la Reuni\u00f3n sobre Movilidad Humana en la Ruta Norte del Continente, celebrada en Ciudad de M\u00e9xico, entre los d\u00edas 16 y 17 [&hellip;]<\/p>\n","protected":false},"author":1,"featured_media":16636,"comment_status":"open","ping_status":"open","sticky":false,"template":"","format":"standard","meta":{"footnotes":""},"categories":[18,7],"tags":[134,1111,1223],"class_list":["post-16635","post","type-post","status-publish","format-standard","has-post-thumbnail","hentry","category-noticias-principales","category-notas-de-prensa","tag-cumbre","tag-mexico","tag-migracion"],"_links":{"self":[{"href":"https:\/\/prensapresidencialvenezuela.gob.ve\/index.php\/wp-json\/wp\/v2\/posts\/16635","targetHints":{"allow":["GET"]}}],"collection":[{"href":"https:\/\/prensapresidencialvenezuela.gob.ve\/index.php\/wp-json\/wp\/v2\/posts"}],"about":[{"href":"https:\/\/prensapresidencialvenezuela.gob.ve\/index.php\/wp-json\/wp\/v2\/types\/post"}],"author":[{"embeddable":true,"href":"https:\/\/prensapresidencialvenezuela.gob.ve\/index.php\/wp-json\/wp\/v2\/users\/1"}],"replies":[{"embeddable":true,"href":"https:\/\/prensapresidencialvenezuela.gob.ve\/index.php\/wp-json\/wp\/v2\/comments?post=16635"}],"version-history":[{"count":1,"href":"https:\/\/prensapresidencialvenezuela.gob.ve\/index.php\/wp-json\/wp\/v2\/posts\/16635\/revisions"}],"predecessor-version":[{"id":16637,"href":"https:\/\/prensapresidencialvenezuela.gob.ve\/index.php\/wp-json\/wp\/v2\/posts\/16635\/revisions\/16637"}],"wp:featuredmedia":[{"embeddable":true,"href":"https:\/\/prensapresidencialvenezuela.gob.ve\/index.php\/wp-json\/wp\/v2\/media\/16636"}],"wp:attachment":[{"href":"https:\/\/prensapresidencialvenezuela.gob.ve\/index.php\/wp-json\/wp\/v2\/media?parent=16635"}],"wp:term":[{"taxonomy":"category","embeddable":true,"href":"https:\/\/prensapresidencialvenezuela.gob.ve\/index.php\/wp-json\/wp\/v2\/categories?post=16635"},{"taxonomy":"post_tag","embeddable":true,"href":"https:\/\/prensapresidencialvenezuela.gob.ve\/index.php\/wp-json\/wp\/v2\/tags?post=16635"}],"curies":[{"name":"wp","href":"https:\/\/api.w.org\/{rel}","templated":true}]}}