{"id":16645,"date":"2025-01-23T15:21:17","date_gmt":"2025-01-23T19:21:17","guid":{"rendered":"https:\/\/prensapresidencialvenezuela.gob.ve\/?p=16645"},"modified":"2025-01-23T15:21:17","modified_gmt":"2025-01-23T19:21:17","slug":"67-anos-de-historia-venezuela-recuerda-la-insurreccion-del-23-de-enero-1958","status":"publish","type":"post","link":"https:\/\/prensapresidencialvenezuela.gob.ve\/index.php\/2025\/01\/23\/67-anos-de-historia-venezuela-recuerda-la-insurreccion-del-23-de-enero-1958\/","title":{"rendered":"67 a\u00f1os de historia: Venezuela recuerda la insurrecci\u00f3n del 23 de enero 1958"},"content":{"rendered":"\n<p><strong>Palacio de Miraflores, Caracas.-<\/strong>En un acto de reafirmaci\u00f3n hist\u00f3rica y pol\u00edtica, el presidente de la Rep\u00fablica Bolivariana de Venezuela, Nicol\u00e1s Maduro, conmemor\u00f3 hoy el 67\u00ba aniversario de la Insurrecci\u00f3n Popular de 1958, un hito que marc\u00f3 el derrocamiento de la dictadura de Marcos P\u00e9rez Jim\u00e9nez y el inicio de la lucha por la democracia y la soberan\u00eda en el pa\u00eds.<\/p>\n\n\n\n<p>A trav\u00e9s de sus redes sociales, el Mandatario venezolano enfatiz\u00f3 la relevancia de esta fecha en la historia venezolana.<\/p>\n\n\n\n<p>\u201c\u00a1Que viva el 23 de enero!. Hoy Venezuela conmemora 67 a\u00f1os de la Insurrecci\u00f3n Popular de 1958, que busc\u00f3 rescatar la democracia verdadera y la soberan\u00eda de la Patria\u201d, sostuvo el jefe de Estado.<\/p>\n\n\n\n<p>En su mensaje, tambi\u00e9n evoc\u00f3 a figuras emblem\u00e1ticas como Fabricio Ojeda y los m\u00e1rtires de aquella rebeli\u00f3n c\u00edvico-militar, recordando su valent\u00eda y sacrificio en la b\u00fasqueda de un futuro mejor.<\/p>\n\n\n\n<p>El Presidente resalt\u00f3 que, gracias a la Revoluci\u00f3n, el pueblo no est\u00e1 indefenso y que, en lugar de ello, \u201cest\u00e1 resistiendo con las banderas originales del 23 de enero\u00bb. Esta afirmaci\u00f3n subraya el \u00e9nfasis del gobierno en la resistencia y la continuidad de la lucha social y pol\u00edtica en un contexto hist\u00f3rico que ha estado marcado por conflictos y desaf\u00edos tanto internos como externos.<\/p>\n\n\n\n<p>El jefe de Estado venezolano hizo eco de las palabras del Comandante Hugo Ch\u00e1vez, quien consideraba a Fabricio Ojeda un l\u00edder clave en la insurrecci\u00f3n que moviliz\u00f3 a hombres y mujeres en contra de las dictaduras del siglo pasado.<\/p>\n\n\n\n<p>\u201cEl pueblo de Venezuela lleg\u00f3 al poder pol\u00edtico y aqu\u00ed estar\u00e1 haciendo revoluci\u00f3n por muchos a\u00f1os, de aqu\u00ed en adelante en este siglo XXI\u201d, afirm\u00f3 el Mandatario, delineando su visi\u00f3n de un futuro, en donde los ideales de libertad y justicia social se mantengan firmes.<\/p>\n\n\n\n<p>El 23 de enero, cargado de simbolismo, no s\u00f3lo recuerda el esfuerzo de aquellos que lucharon por el cambio en 1958, sino que tambi\u00e9n sirve como un recordatorio de la inquebrantable aspiraci\u00f3n de un pueblo hacia la democracia y la soberan\u00eda.<\/p>\n\n\n\n<p>Con estas palabras, el presidente Nicol\u00e1s Maduro fortalece la narrativa de resistencia y esperanza, apuntando hacia un futuro donde el legado de la insurrecci\u00f3n siga vivo en la memoria colectiva de Venezuela.<\/p>\n\n\n\n<p><strong>Prensa Presidencia\/ Luis Tavera<\/strong><\/p>\n","protected":false},"excerpt":{"rendered":"<p>Palacio de Miraflores, Caracas.-En un acto de reafirmaci\u00f3n hist\u00f3rica y pol\u00edtica, el presidente de la Rep\u00fablica Bolivariana de Venezuela, Nicol\u00e1s Maduro, conmemor\u00f3 hoy el 67\u00ba aniversario de la Insurrecci\u00f3n Popular de 1958, un hito que marc\u00f3 el derrocamiento de la dictadura de Marcos P\u00e9rez Jim\u00e9nez y el inicio de la lucha por la democracia y [&hellip;]<\/p>\n","protected":false},"author":1,"featured_media":16646,"comment_status":"open","ping_status":"open","sticky":false,"template":"","format":"standard","meta":{"footnotes":""},"categories":[18,10],"tags":[1179,1225,1224],"class_list":["post-16645","post","type-post","status-publish","format-standard","has-post-thumbnail","hentry","category-noticias-principales","category-especiales","tag-enero","tag-insurreccion","tag-rebeldia"],"_links":{"self":[{"href":"https:\/\/prensapresidencialvenezuela.gob.ve\/index.php\/wp-json\/wp\/v2\/posts\/16645","targetHints":{"allow":["GET"]}}],"collection":[{"href":"https:\/\/prensapresidencialvenezuela.gob.ve\/index.php\/wp-json\/wp\/v2\/posts"}],"about":[{"href":"https:\/\/prensapresidencialvenezuela.gob.ve\/index.php\/wp-json\/wp\/v2\/types\/post"}],"author":[{"embeddable":true,"href":"https:\/\/prensapresidencialvenezuela.gob.ve\/index.php\/wp-json\/wp\/v2\/users\/1"}],"replies":[{"embeddable":true,"href":"https:\/\/prensapresidencialvenezuela.gob.ve\/index.php\/wp-json\/wp\/v2\/comments?post=16645"}],"version-history":[{"count":1,"href":"https:\/\/prensapresidencialvenezuela.gob.ve\/index.php\/wp-json\/wp\/v2\/posts\/16645\/revisions"}],"predecessor-version":[{"id":16647,"href":"https:\/\/prensapresidencialvenezuela.gob.ve\/index.php\/wp-json\/wp\/v2\/posts\/16645\/revisions\/16647"}],"wp:featuredmedia":[{"embeddable":true,"href":"https:\/\/prensapresidencialvenezuela.gob.ve\/index.php\/wp-json\/wp\/v2\/media\/16646"}],"wp:attachment":[{"href":"https:\/\/prensapresidencialvenezuela.gob.ve\/index.php\/wp-json\/wp\/v2\/media?parent=16645"}],"wp:term":[{"taxonomy":"category","embeddable":true,"href":"https:\/\/prensapresidencialvenezuela.gob.ve\/index.php\/wp-json\/wp\/v2\/categories?post=16645"},{"taxonomy":"post_tag","embeddable":true,"href":"https:\/\/prensapresidencialvenezuela.gob.ve\/index.php\/wp-json\/wp\/v2\/tags?post=16645"}],"curies":[{"name":"wp","href":"https:\/\/api.w.org\/{rel}","templated":true}]}}