{"id":16665,"date":"2025-01-23T19:54:29","date_gmt":"2025-01-23T23:54:29","guid":{"rendered":"https:\/\/prensapresidencialvenezuela.gob.ve\/?p=16665"},"modified":"2025-01-23T19:54:30","modified_gmt":"2025-01-23T23:54:30","slug":"nuevas-generaciones-en-pie-de-lucha-un-recordatorio-del-coraje-venezolano-el-23-de-enero-de-1958","status":"publish","type":"post","link":"https:\/\/prensapresidencialvenezuela.gob.ve\/index.php\/2025\/01\/23\/nuevas-generaciones-en-pie-de-lucha-un-recordatorio-del-coraje-venezolano-el-23-de-enero-de-1958\/","title":{"rendered":"Nuevas generaciones en pie de lucha: Un recordatorio del coraje venezolano el 23 de enero de 1958"},"content":{"rendered":"\n<p><strong>Palacio de Miraflores, Caracas.-<a><\/a><a> <\/a><\/strong>El presidente de la Rep\u00fablica Bolivariana de Venezuela, Nicol\u00e1s Maduro, se dirigi\u00f3 a una multitud movilizada hasta el Palacio de Miraflores, que conmemor\u00f3 el 67.\u00ba aniversario de la Insurrecci\u00f3n Popular del 23 de enero de 1958.<\/p>\n\n\n\n<p>Esta hist\u00f3rica fecha tambi\u00e9n marc\u00f3 la jornada nacional de los Ejercicios del Escudo Bolivariano 2025, una clara muestra del compromiso del Gobierno Bolivariano para proteger la soberan\u00eda nacional frente a las amenazas externas que a\u00fan enfrenta el pa\u00eds.<\/p>\n\n\n\n<p><strong>Ante las amenazas externas: \u00a1Un llamado a la u<a><\/a>nidad!<\/strong><\/p>\n\n\n\n<p>Desde el Balc\u00f3n del Pueblo, acompa\u00f1ado por la primera dama, Cilia Flores, el jefe de Estado afirm\u00f3 el papel de la resistencia venezolana frente a las agresiones internacionales.<\/p>\n\n\n\n<p>\u00abLes digo desde este Balc\u00f3n del Pueblo, este es el Balc\u00f3n de Ch\u00e1vez, y si Maduro est\u00e1 aqu\u00ed, Ch\u00e1vez est\u00e1 aqu\u00ed con Maduro y el pueblo\u00bb, reson\u00f3 en su discurso, evocando la memoria del Comandante eterno y el legado de sus victorias.<\/p>\n\n\n\n<p>Bajo esta consigna, el Mandatario subray\u00f3 la importancia de los Ejercicios del Escudo Bolivariano 2025. \u00abHoy contin\u00faan los Ejercicios del Escudo Bolivariano 2025, es una manera de estar alerta de amenazas internas y externas. \u00a1Hay que estar preparados para defender la paz!\u00bb, enfatiz\u00f3, reafirmando la determinaci\u00f3n del pueblo venezolano de resistir ante cualquier intento de desestabilizaci\u00f3n.<\/p>\n\n\n\n<p><strong>Un Proyecto Nacional<\/strong><\/p>\n\n\n\n<p>El presidente Maduro, con firmeza, asegur\u00f3 que en todos estos a\u00f1os de lucha contra el imperialismo y la oligarqu\u00eda, el pueblo venezolano se ha empoderado y es plenamente consciente de sus derechos y su historia.<\/p>\n\n\n\n<p>\u00abNo han podido con este pueblo, que ya est\u00e1 empoderado y es un pueblo consciente\u00bb, declar\u00f3, remarcando la fortaleza de una naci\u00f3n unida en defensa de su autodeterminaci\u00f3n.<\/p>\n\n\n\n<p>Asimismo, el jefe de Estado record\u00f3: \u00abTenemos un proyecto de pa\u00eds, un legado hist\u00f3rico que defender; no nos desviemos de nuestros objetivos\u00bb. Con estas palabras, el l\u00edder Bolivariano reafirm\u00f3 la construcci\u00f3n de una Venezuela soberana, libre de la injerencia y el fascismo.<\/p>\n\n\n\n<p><strong>La inspiraci\u00f3n de un Pueblo: Bol\u00edvar, Ch\u00e1vez y Guaicaipuro<\/strong><\/p>\n\n\n\n<p>En un llamado a la resistencia y la unidad, el Dignatario proclam\u00f3 con vehemencia: \u00abNosotros nos hemos hecho respetar por el mundo entero. Venezuela no es una Patria de esclavos ni de cobardes. Tenemos la inspiraci\u00f3n de Bol\u00edvar, Ch\u00e1vez y Guaicaipuro. Nuestro camino es el humanismo, la humildad, la justicia y la verdad\u00bb.<\/p>\n\n\n\n<p>En este contexto, la movilizaci\u00f3n del 23 de enero no solo fue un recordatorio de la valent\u00eda del pueblo venezolano en el pasado, sino tambi\u00e9n una reafirmaci\u00f3n de su lucha continua por un futuro de libertad y justicia.<\/p>\n\n\n\n<p><strong>Prensa Presidencial\/ Luis Tavera <\/strong><strong><\/strong><\/p>\n","protected":false},"excerpt":{"rendered":"<p>Palacio de Miraflores, Caracas.- El presidente de la Rep\u00fablica Bolivariana de Venezuela, Nicol\u00e1s Maduro, se dirigi\u00f3 a una multitud movilizada hasta el Palacio de Miraflores, que conmemor\u00f3 el 67.\u00ba aniversario de la Insurrecci\u00f3n Popular del 23 de enero de 1958. Esta hist\u00f3rica fecha tambi\u00e9n marc\u00f3 la jornada nacional de los Ejercicios del Escudo Bolivariano 2025, [&hellip;]<\/p>\n","protected":false},"author":1,"featured_media":16666,"comment_status":"open","ping_status":"open","sticky":false,"template":"","format":"standard","meta":{"footnotes":""},"categories":[18,7],"tags":[1230,733],"class_list":["post-16665","post","type-post","status-publish","format-standard","has-post-thumbnail","hentry","category-noticias-principales","category-notas-de-prensa","tag-generaciones","tag-lucha"],"_links":{"self":[{"href":"https:\/\/prensapresidencialvenezuela.gob.ve\/index.php\/wp-json\/wp\/v2\/posts\/16665","targetHints":{"allow":["GET"]}}],"collection":[{"href":"https:\/\/prensapresidencialvenezuela.gob.ve\/index.php\/wp-json\/wp\/v2\/posts"}],"about":[{"href":"https:\/\/prensapresidencialvenezuela.gob.ve\/index.php\/wp-json\/wp\/v2\/types\/post"}],"author":[{"embeddable":true,"href":"https:\/\/prensapresidencialvenezuela.gob.ve\/index.php\/wp-json\/wp\/v2\/users\/1"}],"replies":[{"embeddable":true,"href":"https:\/\/prensapresidencialvenezuela.gob.ve\/index.php\/wp-json\/wp\/v2\/comments?post=16665"}],"version-history":[{"count":1,"href":"https:\/\/prensapresidencialvenezuela.gob.ve\/index.php\/wp-json\/wp\/v2\/posts\/16665\/revisions"}],"predecessor-version":[{"id":16667,"href":"https:\/\/prensapresidencialvenezuela.gob.ve\/index.php\/wp-json\/wp\/v2\/posts\/16665\/revisions\/16667"}],"wp:featuredmedia":[{"embeddable":true,"href":"https:\/\/prensapresidencialvenezuela.gob.ve\/index.php\/wp-json\/wp\/v2\/media\/16666"}],"wp:attachment":[{"href":"https:\/\/prensapresidencialvenezuela.gob.ve\/index.php\/wp-json\/wp\/v2\/media?parent=16665"}],"wp:term":[{"taxonomy":"category","embeddable":true,"href":"https:\/\/prensapresidencialvenezuela.gob.ve\/index.php\/wp-json\/wp\/v2\/categories?post=16665"},{"taxonomy":"post_tag","embeddable":true,"href":"https:\/\/prensapresidencialvenezuela.gob.ve\/index.php\/wp-json\/wp\/v2\/tags?post=16665"}],"curies":[{"name":"wp","href":"https:\/\/api.w.org\/{rel}","templated":true}]}}