{"id":16673,"date":"2025-01-23T20:08:36","date_gmt":"2025-01-24T00:08:36","guid":{"rendered":"https:\/\/prensapresidencialvenezuela.gob.ve\/?p=16673"},"modified":"2025-01-23T20:08:37","modified_gmt":"2025-01-24T00:08:37","slug":"venezuela-se-mantiene-victoriosa-y-en-ofensiva-a-pesar-de-intentos-desestabilizadores","status":"publish","type":"post","link":"https:\/\/prensapresidencialvenezuela.gob.ve\/index.php\/2025\/01\/23\/venezuela-se-mantiene-victoriosa-y-en-ofensiva-a-pesar-de-intentos-desestabilizadores\/","title":{"rendered":"Venezuela se mantiene victoriosa y en ofensiva a pesar de intentos desestabilizadores"},"content":{"rendered":"\n<p><strong>Palacio de Miraflores, Caracas.-<\/strong> En conmemoraci\u00f3n de los 67 a\u00f1os de la rebeli\u00f3n c\u00edvico-militar del 23 de enero, el presidente de la Rep\u00fablica Bolivariana de Venezuela, Nicol\u00e1s Maduro Moros, ratific\u00f3 que la Revoluci\u00f3n Bolivariana consolidar\u00e1 la paz, la seguridad ciudadana absoluta para Venezuela y para el pueblo que se mantiene victorioso y en ofensiva continua.<a><\/a><\/p>\n\n\n\n<p>En esta l\u00ednea, el Dignatario Nacional record\u00f3 que el 23 de enero del a\u00f1o 2019 se pretendi\u00f3 imponer a Venezuela un presidente del imperialismo, en Chacao, donde levantaron la mano personas de la tiran\u00eda, por lo que puntualiz\u00f3: \u00abMe plant\u00e9 aqu\u00ed y le dije al pueblo que esta pretensi\u00f3n de golpe de Estado en Venezuela, no pasar\u00e1\u00bb.<\/p>\n\n\n\n<p>En el mismo contexto, consider\u00f3 que el despliegue de la fusi\u00f3n popular, militar, policial, que se efectu\u00f3 ayer 22 de enero, es una muestra de que Venezuela no est\u00e1 jugando, sino que se est\u00e1 preparando permanentemente para la lucha armada, en defensa de la democracia, la paz y el derecho al futuro de Venezuela.<\/p>\n\n\n\n<p>\u00abHemos ido por el camino correcto, somos los hijos indestructibles del Libertador Sim\u00f3n Bol\u00edvar y de Ch\u00e1vez. No ha habido ni habr\u00e1 traici\u00f3n, lo que habr\u00e1 es Revoluci\u00f3n con un pueblo educado, culto y consciente\u00bb, resalt\u00f3 el comandante en jefe de la Fuerza Armada Nacional Bolivariana (FANB).<\/p>\n\n\n\n<p>El presidente Nicol\u00e1s Maduro tambi\u00e9n subray\u00f3 que lo m\u00e1s hermoso que ha heredado de la lucha de su padre Hugo Ch\u00e1vez, es el amor y el apoyo leal del pueblo.<\/p>\n\n\n\n<p>Por su parte, el ministro del Poder Popular para las Relaciones Interiores, Justicia y Paz, Diosdado Cabello, acentu\u00f3 que hoy 23 de enero el pueblo sali\u00f3 a la calle y no ser\u00e1 traicionado m\u00e1s nunca, ya que la \u00faltima traici\u00f3n fue en el a\u00f1o 1958.<\/p>\n\n\n\n<p><strong>Prensa Presidencial\/Irmary D\u00edaz.<\/strong><\/p>\n","protected":false},"excerpt":{"rendered":"<p>Palacio de Miraflores, Caracas.- En conmemoraci\u00f3n de los 67 a\u00f1os de la rebeli\u00f3n c\u00edvico-militar del 23 de enero, el presidente de la Rep\u00fablica Bolivariana de Venezuela, Nicol\u00e1s Maduro Moros, ratific\u00f3 que la Revoluci\u00f3n Bolivariana consolidar\u00e1 la paz, la seguridad ciudadana absoluta para Venezuela y para el pueblo que se mantiene victorioso y en ofensiva continua. [&hellip;]<\/p>\n","protected":false},"author":1,"featured_media":16674,"comment_status":"open","ping_status":"open","sticky":false,"template":"","format":"standard","meta":{"footnotes":""},"categories":[18,7],"tags":[1232,557,20],"class_list":["post-16673","post","type-post","status-publish","format-standard","has-post-thumbnail","hentry","category-noticias-principales","category-notas-de-prensa","tag-ofensiva","tag-paz","tag-venezuela"],"_links":{"self":[{"href":"https:\/\/prensapresidencialvenezuela.gob.ve\/index.php\/wp-json\/wp\/v2\/posts\/16673","targetHints":{"allow":["GET"]}}],"collection":[{"href":"https:\/\/prensapresidencialvenezuela.gob.ve\/index.php\/wp-json\/wp\/v2\/posts"}],"about":[{"href":"https:\/\/prensapresidencialvenezuela.gob.ve\/index.php\/wp-json\/wp\/v2\/types\/post"}],"author":[{"embeddable":true,"href":"https:\/\/prensapresidencialvenezuela.gob.ve\/index.php\/wp-json\/wp\/v2\/users\/1"}],"replies":[{"embeddable":true,"href":"https:\/\/prensapresidencialvenezuela.gob.ve\/index.php\/wp-json\/wp\/v2\/comments?post=16673"}],"version-history":[{"count":1,"href":"https:\/\/prensapresidencialvenezuela.gob.ve\/index.php\/wp-json\/wp\/v2\/posts\/16673\/revisions"}],"predecessor-version":[{"id":16675,"href":"https:\/\/prensapresidencialvenezuela.gob.ve\/index.php\/wp-json\/wp\/v2\/posts\/16673\/revisions\/16675"}],"wp:featuredmedia":[{"embeddable":true,"href":"https:\/\/prensapresidencialvenezuela.gob.ve\/index.php\/wp-json\/wp\/v2\/media\/16674"}],"wp:attachment":[{"href":"https:\/\/prensapresidencialvenezuela.gob.ve\/index.php\/wp-json\/wp\/v2\/media?parent=16673"}],"wp:term":[{"taxonomy":"category","embeddable":true,"href":"https:\/\/prensapresidencialvenezuela.gob.ve\/index.php\/wp-json\/wp\/v2\/categories?post=16673"},{"taxonomy":"post_tag","embeddable":true,"href":"https:\/\/prensapresidencialvenezuela.gob.ve\/index.php\/wp-json\/wp\/v2\/tags?post=16673"}],"curies":[{"name":"wp","href":"https:\/\/api.w.org\/{rel}","templated":true}]}}