{"id":16676,"date":"2025-01-23T20:55:54","date_gmt":"2025-01-24T00:55:54","guid":{"rendered":"https:\/\/prensapresidencialvenezuela.gob.ve\/?p=16676"},"modified":"2025-01-23T20:55:54","modified_gmt":"2025-01-24T00:55:54","slug":"venezuela-y-colombia-un-frente-unido-por-la-paz-y-la-justicia","status":"publish","type":"post","link":"https:\/\/prensapresidencialvenezuela.gob.ve\/index.php\/2025\/01\/23\/venezuela-y-colombia-un-frente-unido-por-la-paz-y-la-justicia\/","title":{"rendered":"Venezuela y Colombia: Un frente unido por la paz y la justicia"},"content":{"rendered":"\n<p><strong>Palacio de Miraflores, Caracas.-<\/strong> El presidente de la Rep\u00fablica Bolivariana de Venezuela, Nicol\u00e1s Maduro, destac\u00f3 su postura en defensa de la paz en Venezuela y su lucha contra el paramilitarismo que intenta aplicarse en el pa\u00eds con ayuda de la extrema derecha internacional, especialmente aplaudida y ejecutada por los expresidentes de Colombia, \u00c1lvaro Uribe V\u00e9lez e Iv\u00e1n Duque.<\/p>\n\n\n\n<p><strong>Conmemoraci\u00f3n de la rebeli\u00f3n c\u00edvico-militar<\/strong><\/p>\n\n\n\n<p>Durante la conmemoraci\u00f3n de los 67 a\u00f1os de la rebeli\u00f3n c\u00edvico-militar del 23 de enero, el jefe de Estado destac\u00f3 que \u00abla Revoluci\u00f3n Bolivariana se encuentra en victoria y ofensiva para defender la soberan\u00eda del pa\u00eds y el derecho al futuro\u00bb.<\/p>\n\n\n\n<p><strong>Mensaje al pueblo colombiano<\/strong><\/p>\n\n\n\n<p>En un mensaje dirigido al pueblo colombiano, el Presidente venezolano expres\u00f3: \u00abA Colombia la amamos y la respetamos por su lucha con la paz. Lo sabe Petro y lo sabe la sociedad colombiana\u201d.<\/p>\n\n\n\n<p>Adem\u00e1s, el Dignatario nacional reiter\u00f3 que Venezuela brindar\u00e1 siempre su apoyo integral para construir una regi\u00f3n de paz y uni\u00f3n.<\/p>\n\n\n\n<p>\u00abLos colombianos siempre tendr\u00e1n nuestro apoyo integral para construir una Colombia y una Venezuela de uni\u00f3n y de prosperidad, como lo so\u00f1\u00f3 El Libertador Sim\u00f3n Bol\u00edvar\u00bb, expres\u00f3 con firmeza el Mandatario.<\/p>\n\n\n\n<p><strong>Derrota de las bandas criminales*<\/strong><\/p>\n\n\n\n<p>Uno de los temas centrales de su discurso fue el papel de las bandas criminales, alimentadas por los expresidentes colombianos y enemigos del pueblo venezolanos, como \u00c1lvaro Uribe V\u00e9lez e Iv\u00e1n Duque.<\/p>\n\n\n\n<p>El jefe de Estado venezolano sostuvo que estas agrupaciones han sido derrotadas por la Revoluci\u00f3n Bolivariana, al insistir que \u00aben estos a\u00f1os de lucha no han podido con este pueblo, que ya est\u00e1 empoderado y es un pueblo consciente\u00bb.<\/p>\n\n\n\n<p><strong>Resistencia ante amenazas extranjeras<\/strong><\/p>\n\n\n\n<p>Afirm\u00f3 que las fuerzas extranjeras que intentan amenazar la integridad del pa\u00eds se encontrar\u00e1n con una firme resistencia, y lanz\u00f3 un mensaje directo a los grupos delincuenciales: \u00abR\u00edndanse a tiempo, entreguen las armas. \u00a1En Venezuela se va a consolidar la paz en todo el territorio!\u201d.<\/p>\n\n\n\n<p><strong>Medidas del presidente Gustavo Petro<\/strong><\/p>\n\n\n\n<p>En este contexto, el presidente de Colombia, Gustavo Petro, tom\u00f3 medidas concretas, instruyendo a su ministro de Defensa establecer contacto directo con su hom\u00f3logo venezolano, Vladimir Padrino L\u00f3pez, con el objetivo de desarrollar un protocolo de acci\u00f3n coordinada.<\/p>\n\n\n\n<p>\u201cHe dialogado con quien ejerce la presidencia en Venezuela para tapar los pasos ilegales, especialmente en el r\u00edo Catatumbo, y coordinar acciones de vigilancia a\u00e9rea en ambos lados de la frontera\u201d, explic\u00f3 Petro.<\/p>\n\n\n\n<p><strong>Cooperaci\u00f3n en seguridad lim\u00edtrofe<\/strong><\/p>\n\n\n\n<p>La iniciativa busca cerrar espacios estrat\u00e9gicos a los grupos dedicados al narcotr\u00e1fico, respondiendo a las cr\u00edticas en los medios colombianos sobre la aparente inacci\u00f3n gubernamental en el Palacio de Nari\u00f1o.<\/p>\n\n\n\n<p>El Mandatario colombiano confirm\u00f3 que su Gobierno mantiene cooperaci\u00f3n en materia de seguridad lim\u00edtrofe con Venezuela, para atender la crisis humanitaria que se vive en la regi\u00f3n del Catatumbo y cerrarle las puertas a los grupos narcotraficantes.<\/p>\n\n\n\n<p>\u00abSe construye un plan de acci\u00f3n conjunto que busca cerrar todo espacio de acci\u00f3n de los due\u00f1os del narcotr\u00e1fico en la frontera\u00bb, asever\u00f3 Petro, al ratificar que se coordin\u00f3 el refuerzo de las operaciones militares del lado venezolano para impedir el paso ilegal de grupos armados.<\/p>\n\n\n\n<p><strong>Responsabilidad de predecesores<\/strong><\/p>\n\n\n\n<p>Petro responsabiliz\u00f3 a sus predecesores de haber sido los \u00abverdaderos desconectados\u00bb de la realidad, lo que habr\u00eda causado que se hiciera \u00abtrizas\u00bb el acuerdo de paz establecido entre el Gobierno y las FARC en 2016.<\/p>\n\n\n\n<p>En su opini\u00f3n, esto ocurri\u00f3 ya que el gobierno de Iv\u00e1n Duque habr\u00eda dejado \u00abla frontera en manos de mafias armadas\u00bb.<\/p>\n\n\n\n<p><strong>Apoyo a los desplazados colombianos<\/strong><\/p>\n\n\n\n<p>En este sentido, la Revoluci\u00f3n Bolivariana, liderada por el presidente Nicol\u00e1s Maduro, ha estado apoyando a los desplazados colombianos que llegan desde la frontera.<\/p>\n\n\n\n<p>En datos actualizados por la Defensor\u00eda del Pueblo de Colombia, en su informe dado a conocer el d\u00eda 22 de enero de 2025, se\u00f1ala que la cifra de desplazados en la regi\u00f3n del Catatumbo, a una semana del inicio del conflicto, asciende a 36 mil 139 personas.<\/p>\n\n\n\n<p>La crisis humanitaria en el Catatumbo ha tenido como consecuencia el asesinato de civiles, l\u00edderes sociales, firmantes de paz, intimidaciones, hostigamientos, homicidios selectivos y amedrentamientos en contra de la poblaci\u00f3n civil.<\/p>\n\n\n\n<p><strong>Prensa Presidencial \/ Luis Tavera<\/strong><\/p>\n","protected":false},"excerpt":{"rendered":"<p>Palacio de Miraflores, Caracas.- El presidente de la Rep\u00fablica Bolivariana de Venezuela, Nicol\u00e1s Maduro, destac\u00f3 su postura en defensa de la paz en Venezuela y su lucha contra el paramilitarismo que intenta aplicarse en el pa\u00eds con ayuda de la extrema derecha internacional, especialmente aplaudida y ejecutada por los expresidentes de Colombia, \u00c1lvaro Uribe V\u00e9lez [&hellip;]<\/p>\n","protected":false},"author":1,"featured_media":16677,"comment_status":"open","ping_status":"open","sticky":false,"template":"","format":"standard","meta":{"footnotes":""},"categories":[18,7],"tags":[40,557,479,20],"class_list":["post-16676","post","type-post","status-publish","format-standard","has-post-thumbnail","hentry","category-noticias-principales","category-notas-de-prensa","tag-colombia","tag-paz","tag-unidad","tag-venezuela"],"_links":{"self":[{"href":"https:\/\/prensapresidencialvenezuela.gob.ve\/index.php\/wp-json\/wp\/v2\/posts\/16676","targetHints":{"allow":["GET"]}}],"collection":[{"href":"https:\/\/prensapresidencialvenezuela.gob.ve\/index.php\/wp-json\/wp\/v2\/posts"}],"about":[{"href":"https:\/\/prensapresidencialvenezuela.gob.ve\/index.php\/wp-json\/wp\/v2\/types\/post"}],"author":[{"embeddable":true,"href":"https:\/\/prensapresidencialvenezuela.gob.ve\/index.php\/wp-json\/wp\/v2\/users\/1"}],"replies":[{"embeddable":true,"href":"https:\/\/prensapresidencialvenezuela.gob.ve\/index.php\/wp-json\/wp\/v2\/comments?post=16676"}],"version-history":[{"count":1,"href":"https:\/\/prensapresidencialvenezuela.gob.ve\/index.php\/wp-json\/wp\/v2\/posts\/16676\/revisions"}],"predecessor-version":[{"id":16678,"href":"https:\/\/prensapresidencialvenezuela.gob.ve\/index.php\/wp-json\/wp\/v2\/posts\/16676\/revisions\/16678"}],"wp:featuredmedia":[{"embeddable":true,"href":"https:\/\/prensapresidencialvenezuela.gob.ve\/index.php\/wp-json\/wp\/v2\/media\/16677"}],"wp:attachment":[{"href":"https:\/\/prensapresidencialvenezuela.gob.ve\/index.php\/wp-json\/wp\/v2\/media?parent=16676"}],"wp:term":[{"taxonomy":"category","embeddable":true,"href":"https:\/\/prensapresidencialvenezuela.gob.ve\/index.php\/wp-json\/wp\/v2\/categories?post=16676"},{"taxonomy":"post_tag","embeddable":true,"href":"https:\/\/prensapresidencialvenezuela.gob.ve\/index.php\/wp-json\/wp\/v2\/tags?post=16676"}],"curies":[{"name":"wp","href":"https:\/\/api.w.org\/{rel}","templated":true}]}}