{"id":16689,"date":"2025-01-27T12:48:19","date_gmt":"2025-01-27T16:48:19","guid":{"rendered":"https:\/\/prensapresidencialvenezuela.gob.ve\/?p=16689"},"modified":"2025-01-27T12:55:19","modified_gmt":"2025-01-27T16:55:19","slug":"venezuela-celebra-la-reeleccion-de-lukashenko-y-acentua-la-importancia-de-las-relaciones-bilaterales-con-belarus","status":"publish","type":"post","link":"https:\/\/prensapresidencialvenezuela.gob.ve\/index.php\/2025\/01\/27\/venezuela-celebra-la-reeleccion-de-lukashenko-y-acentua-la-importancia-de-las-relaciones-bilaterales-con-belarus\/","title":{"rendered":"Venezuela celebra la reelecci\u00f3n de Lukashenko y acent\u00faa la importancia de las relaciones bilaterales con Belar\u00fas"},"content":{"rendered":"\n<p><strong>Palacio de Miraflores, Caracas.-<\/strong> El presidente de la Rep\u00fablica Bolivariana de Venezuela, Nicol\u00e1s Maduro, felicit\u00f3 a su hom\u00f3logo bielorruso, Aleksandr Lukashenko, quien gan\u00f3 las elecciones presidenciales de este domingo y fue reelegido para un hist\u00f3rico s\u00e9ptimo mandato.<\/p>\n\n\n\n<p>Esta victoria fortalece a\u00fan m\u00e1s los lazos entre ambos pa\u00edses, consagrando un compromiso hist\u00f3rico de cooperaci\u00f3n que se remonta a la era del Comandante Hugo Ch\u00e1vez.<\/p>\n\n\n\n<p>\u201cFelicito en el nombre de Venezuela, nosotros sus hermanos y hermanas, a la aguerrida naci\u00f3n de Belar\u00fas, con la cual hemos establecido una genuina cooperaci\u00f3n y solidaridad fundida en el \u00edmpetu de ambas historias de independencia, coraje y dignidad de nuestros pueblos porque hemos decidido ser libres, soberanos y antifascistas,\u201d expres\u00f3 el jefe de Estado en un mensaje compartido en su canal de Telegram.<\/p>\n\n\n\n<p>El Mandatario venezolano tambi\u00e9n a\u00f1adi\u00f3 que \u201ces una victoria contundente y significativa que demuestra la realidad del sentir de Belar\u00fas, que sin titubeo y ampliamente reeligieron al hermano presidente, Alexandr Lukashenko\u201d.<\/p>\n\n\n\n<p>Lukashenko obtuvo un abrumador 86,82 por ciento de los votos, de acuerdo con informaci\u00f3n suministrada por \u00cdgor Karpenko, presidente de la Comisi\u00f3n Electoral Central (CEC) de Bielorrusia.<\/p>\n\n\n\n<p><strong>Relaci\u00f3n estrat\u00e9gica con Venezuela<\/strong><\/p>\n\n\n\n<p>En una conferencia de prensa celebrada en el contexto de las elecciones, Lukashenko destac\u00f3 la significancia de las relaciones con Venezuela, se\u00f1alando que estas se consideran uno de los logros m\u00e1s importantes desde los tiempos del Comandante Ch\u00e1vez.<\/p>\n\n\n\n<p>\u201cHemos construido f\u00e1bricas de tractores, coches, ladrillos, ciudades y pueblos enteros, lo que Hugo Ch\u00e1vez nos pidi\u00f3. As\u00ed que no nos gustar\u00eda en absoluto perder a Venezuela, y apoyamos estas relaciones\u201d, afirm\u00f3 el presidente bielorruso.<\/p>\n\n\n\n<p>Lukashenko tambi\u00e9n hizo hincapi\u00e9 en que \u201crecientemente, nuestra delegaci\u00f3n gubernamental visit\u00f3 los pa\u00edses del Caribe, entre ellos Venezuela, Nicaragua, Cuba. Es decir, tenemos puntos en los que seguiremos desarrollando lo que hemos empezado.\u201d<\/p>\n\n\n\n<p>Esto no s\u00f3lo resalta una continuidad en la pol\u00edtica exterior bielorrusa, sino tambi\u00e9n un deseo de avanzar en un crecimiento conjunto y sostenible con sus aliados estrat\u00e9gicos en Am\u00e9rica Latina.<\/p>\n\n\n\n<p><a><\/a><strong>Mirada hacia el Sur<\/strong><\/p>\n\n\n\n<p>El presidente bielorruso no se limit\u00f3 a mencionar sus lazos con Venezuela. Tambi\u00e9n expres\u00f3 su intenci\u00f3n de fortalecer las relaciones con Brasil, destacando el inter\u00e9s de este pa\u00eds en varios productos bielorrusos.<\/p>\n\n\n\n<p>Este enfoque en la integraci\u00f3n regional y el establecimiento de conexiones comerciales es clave en un contexto global donde las alianzas estrat\u00e9gicas son imperativas para enfrentar desaf\u00edos comunes.<\/p>\n\n\n\n<p>La reelecci\u00f3n de Lukashenko y la celebraci\u00f3n de esta victoria por parte del presidente Nicol\u00e1s Maduro reflejan un nuevo cap\u00edtulo en la historia de colaboraci\u00f3n entre Venezuela y Bielorrusia, con una visi\u00f3n de futuro que se basa en la solidaridad, la unidad y el desarrollo conjunto.<\/p>\n\n\n\n<p><strong>Prensa Presuidencial\/ Luis Tavera<\/strong><\/p>\n\n\n\n<p><\/p>\n","protected":false},"excerpt":{"rendered":"<p>Palacio de Miraflores, Caracas.- El presidente de la Rep\u00fablica Bolivariana de Venezuela, Nicol\u00e1s Maduro, felicit\u00f3 a su hom\u00f3logo bielorruso, Aleksandr Lukashenko, quien gan\u00f3 las elecciones presidenciales de este domingo y fue reelegido para un hist\u00f3rico s\u00e9ptimo mandato. Esta victoria fortalece a\u00fan m\u00e1s los lazos entre ambos pa\u00edses, consagrando un compromiso hist\u00f3rico de cooperaci\u00f3n que se [&hellip;]<\/p>\n","protected":false},"author":1,"featured_media":16692,"comment_status":"open","ping_status":"open","sticky":false,"template":"","format":"standard","meta":{"footnotes":""},"categories":[18,7],"tags":[618,654,20],"class_list":["post-16689","post","type-post","status-publish","format-standard","has-post-thumbnail","hentry","category-noticias-principales","category-notas-de-prensa","tag-belarus","tag-elecciones","tag-venezuela"],"_links":{"self":[{"href":"https:\/\/prensapresidencialvenezuela.gob.ve\/index.php\/wp-json\/wp\/v2\/posts\/16689","targetHints":{"allow":["GET"]}}],"collection":[{"href":"https:\/\/prensapresidencialvenezuela.gob.ve\/index.php\/wp-json\/wp\/v2\/posts"}],"about":[{"href":"https:\/\/prensapresidencialvenezuela.gob.ve\/index.php\/wp-json\/wp\/v2\/types\/post"}],"author":[{"embeddable":true,"href":"https:\/\/prensapresidencialvenezuela.gob.ve\/index.php\/wp-json\/wp\/v2\/users\/1"}],"replies":[{"embeddable":true,"href":"https:\/\/prensapresidencialvenezuela.gob.ve\/index.php\/wp-json\/wp\/v2\/comments?post=16689"}],"version-history":[{"count":1,"href":"https:\/\/prensapresidencialvenezuela.gob.ve\/index.php\/wp-json\/wp\/v2\/posts\/16689\/revisions"}],"predecessor-version":[{"id":16691,"href":"https:\/\/prensapresidencialvenezuela.gob.ve\/index.php\/wp-json\/wp\/v2\/posts\/16689\/revisions\/16691"}],"wp:featuredmedia":[{"embeddable":true,"href":"https:\/\/prensapresidencialvenezuela.gob.ve\/index.php\/wp-json\/wp\/v2\/media\/16692"}],"wp:attachment":[{"href":"https:\/\/prensapresidencialvenezuela.gob.ve\/index.php\/wp-json\/wp\/v2\/media?parent=16689"}],"wp:term":[{"taxonomy":"category","embeddable":true,"href":"https:\/\/prensapresidencialvenezuela.gob.ve\/index.php\/wp-json\/wp\/v2\/categories?post=16689"},{"taxonomy":"post_tag","embeddable":true,"href":"https:\/\/prensapresidencialvenezuela.gob.ve\/index.php\/wp-json\/wp\/v2\/tags?post=16689"}],"curies":[{"name":"wp","href":"https:\/\/api.w.org\/{rel}","templated":true}]}}