{"id":16693,"date":"2025-01-27T17:10:17","date_gmt":"2025-01-27T21:10:17","guid":{"rendered":"https:\/\/prensapresidencialvenezuela.gob.ve\/?p=16693"},"modified":"2025-01-27T17:10:17","modified_gmt":"2025-01-27T21:10:17","slug":"presidente-maduro-activa-la-segunda-t-dirigida-a-los-servicios-publicos-y-ciudades-humanas","status":"publish","type":"post","link":"https:\/\/prensapresidencialvenezuela.gob.ve\/index.php\/2025\/01\/27\/presidente-maduro-activa-la-segunda-t-dirigida-a-los-servicios-publicos-y-ciudades-humanas\/","title":{"rendered":"Presidente Maduro activa la segunda \u00abT\u00bb, dirigida a los servicios p\u00fablicos y ciudades humanas"},"content":{"rendered":"\n<p><strong>Macuto, estado La Guaira.-<\/strong> Con una perspectiva integral, que apunta a la planificaci\u00f3n y construcci\u00f3n de obras que tributen al h\u00e1bitat, el presidente de la Rep\u00fablica, Nicol\u00e1s Maduro, activ\u00f3 este lunes la segunda \u00abT\u00bb de las 7 Grandes Transformaciones, dedicada a las Ciudades Humanas para el Buen Vivir.<\/p>\n\n\n\n<p>La jornada que se desarrolla en la estaci\u00f3n El Cojo del Sistema Telef\u00e9rico Warairarepano-Macuto, en el estado La Guaira, cuenta con la participaci\u00f3n del vicepresidente de Obras P\u00fablicas y Servicios y ministro del Poder Popular para la Energ\u00eda El\u00e9ctrica, Jorge M\u00e1rquez, as\u00ed como autoridades de las carteras de Transporte, Ecosocialismo, H\u00e1bitat y Vivienda, Obras P\u00fablicas y Atenci\u00f3n de las Aguas.<\/p>\n\n\n\n<p>El pasado 10 de enero, en el contexto de la juramentaci\u00f3n para el per\u00edodo presidencial 2025-2031, el Jefe de Estado puntualiz\u00f3 que la \u00ab2T\u00bb incluye, como eje transversal, la recuperaci\u00f3n, estabilizaci\u00f3n y mejor\u00eda de los servicios p\u00fablicos, acci\u00f3n que se complementa con el reimpulso del 1&#215;10 del Buen del Gobierno, como instrumento de interacci\u00f3n directa y mecanismo eficiente para la resoluci\u00f3n de nudos cr\u00edticos, a escala territorial.<\/p>\n\n\n\n<p>En este per\u00edodo, los esfuerzos del Gobierno Nacional est\u00e1n orientados a garantizar servicios p\u00fablicos de calidad, continuos y confiables, incorporando dise\u00f1os de movilidad y desarrollo urbano, que respondan a modelos seguros e inclusivos con infraestructura que optimice la modernizaci\u00f3n.<\/p>\n\n\n\n<p>Esta segunda transformaci\u00f3n apela a un modelo popular, participativo y comunal, mediante la participaci\u00f3n plena del Poder Popular.<\/p>\n\n\n\n<p><strong>Prensa Presidencial \/ Eduardo Hueck<\/strong><\/p>\n","protected":false},"excerpt":{"rendered":"<p>Macuto, estado La Guaira.- Con una perspectiva integral, que apunta a la planificaci\u00f3n y construcci\u00f3n de obras que tributen al h\u00e1bitat, el presidente de la Rep\u00fablica, Nicol\u00e1s Maduro, activ\u00f3 este lunes la segunda \u00abT\u00bb de las 7 Grandes Transformaciones, dedicada a las Ciudades Humanas para el Buen Vivir. La jornada que se desarrolla en la [&hellip;]<\/p>\n","protected":false},"author":1,"featured_media":16694,"comment_status":"open","ping_status":"open","sticky":false,"template":"","format":"standard","meta":{"footnotes":""},"categories":[18,7],"tags":[],"class_list":["post-16693","post","type-post","status-publish","format-standard","has-post-thumbnail","hentry","category-noticias-principales","category-notas-de-prensa"],"_links":{"self":[{"href":"https:\/\/prensapresidencialvenezuela.gob.ve\/index.php\/wp-json\/wp\/v2\/posts\/16693","targetHints":{"allow":["GET"]}}],"collection":[{"href":"https:\/\/prensapresidencialvenezuela.gob.ve\/index.php\/wp-json\/wp\/v2\/posts"}],"about":[{"href":"https:\/\/prensapresidencialvenezuela.gob.ve\/index.php\/wp-json\/wp\/v2\/types\/post"}],"author":[{"embeddable":true,"href":"https:\/\/prensapresidencialvenezuela.gob.ve\/index.php\/wp-json\/wp\/v2\/users\/1"}],"replies":[{"embeddable":true,"href":"https:\/\/prensapresidencialvenezuela.gob.ve\/index.php\/wp-json\/wp\/v2\/comments?post=16693"}],"version-history":[{"count":1,"href":"https:\/\/prensapresidencialvenezuela.gob.ve\/index.php\/wp-json\/wp\/v2\/posts\/16693\/revisions"}],"predecessor-version":[{"id":16695,"href":"https:\/\/prensapresidencialvenezuela.gob.ve\/index.php\/wp-json\/wp\/v2\/posts\/16693\/revisions\/16695"}],"wp:featuredmedia":[{"embeddable":true,"href":"https:\/\/prensapresidencialvenezuela.gob.ve\/index.php\/wp-json\/wp\/v2\/media\/16694"}],"wp:attachment":[{"href":"https:\/\/prensapresidencialvenezuela.gob.ve\/index.php\/wp-json\/wp\/v2\/media?parent=16693"}],"wp:term":[{"taxonomy":"category","embeddable":true,"href":"https:\/\/prensapresidencialvenezuela.gob.ve\/index.php\/wp-json\/wp\/v2\/categories?post=16693"},{"taxonomy":"post_tag","embeddable":true,"href":"https:\/\/prensapresidencialvenezuela.gob.ve\/index.php\/wp-json\/wp\/v2\/tags?post=16693"}],"curies":[{"name":"wp","href":"https:\/\/api.w.org\/{rel}","templated":true}]}}