{"id":16699,"date":"2025-01-27T17:59:35","date_gmt":"2025-01-27T21:59:35","guid":{"rendered":"https:\/\/prensapresidencialvenezuela.gob.ve\/?p=16699"},"modified":"2025-01-28T15:32:51","modified_gmt":"2025-01-28T19:32:51","slug":"venezuela-da-una-leccion-admirable-al-mundo-de-capacidad-creativa","status":"publish","type":"post","link":"https:\/\/prensapresidencialvenezuela.gob.ve\/index.php\/2025\/01\/27\/venezuela-da-una-leccion-admirable-al-mundo-de-capacidad-creativa\/","title":{"rendered":"Venezuela da una lecci\u00f3n admirable al mundo de capacidad creativa"},"content":{"rendered":"\n<p><strong>Macuto, estado La Guaira.-<\/strong> El presidente de la Rep\u00fablica Bolivariana de Venezuela, Nicol\u00e1s Maduro, ratific\u00f3 que Venezuela da una lecci\u00f3n admirable al mundo, de valent\u00eda, resiliencia y de capacidad creativa, para construir su propio destino.<\/p>\n\n\n\n<p>Durante la activaci\u00f3n de la \u00ab2T\u00bb: Servicios P\u00fablicos e Infraestructura, \u00abLas Ciudades Humanas para el Buen Vivir\u00bb, desde Macuto, estado La Guiara, el jefe de Estado hizo referencia a las condiciones que tiene Venezuela para caminar con pies propios, pensar con cabeza propia y construir sobre la base de una experiencia propia.<\/p>\n\n\n\n<p>Desde la primera estaci\u00f3n de este telef\u00e9rico, que llevar\u00e1 por nombre Gran Cacique Guaicamacuto, el Mandatario detall\u00f3 que en total ser\u00e1n tres estaciones y que todas contar\u00e1n con lugares de entretenimiento.<\/p>\n\n\n\n<p>Particularmente, indic\u00f3 que la estaci\u00f3n Gran Cacique Guaicamacuto tendr\u00e1 un bulevar, que conectar\u00e1 con la parte baja de Macuto, con todos los servicios de trasporte a disposici\u00f3n.<\/p>\n\n\n\n<p><strong>Convocatoria a los transportistas<\/strong><\/p>\n\n\n\n<p>Para ello, llam\u00f3 a convocar a los transportistas, al manifestar que todo este telef\u00e9rico debe nacer de la mano creativa y de la supervisi\u00f3n directa del Poder Popular, Circuitos Comunales, Consejos Comunales y del pueblo empoderado de La Guaira y de Galip\u00e1n.<\/p>\n\n\n\n<p>Record\u00f3 que en la zona de Galip\u00e1n se produce de todo, lo que la hace un \u00e1rea econ\u00f3mica virtuosa, como parque nacional protegido. \u00abEs mucho lo que se puede ofrecer en el servicio tur\u00edstico\u00bb.<\/p>\n\n\n\n<p>Exalt\u00f3 que la culminaci\u00f3n de este hermoso telef\u00e9rico, convertir\u00e1 a  esta regi\u00f3n en un polo tur\u00edstico nacional e internacional. <\/p>\n\n\n\n<p>El vicepresidente sectorial de Obras P\u00fablicas y Servicios y ministro de Energ\u00eda El\u00e9ctrica, El M\/G Jorge M\u00e1rquez, destac\u00f3 el trabajo dedicado de la clase obrera, la empresa p\u00fablica y privada, lo que dar\u00e1 paso \u2013indic\u00f3\u2013 a los resultados esperados.<\/p>\n\n\n\n<p><strong>Prensa Presidencial \/ Ana\u00eds P\u00e9rez<\/strong><\/p>\n","protected":false},"excerpt":{"rendered":"<p>Macuto, estado La Guaira.- El presidente de la Rep\u00fablica Bolivariana de Venezuela, Nicol\u00e1s Maduro, ratific\u00f3 que Venezuela da una lecci\u00f3n admirable al mundo, de valent\u00eda, resiliencia y de capacidad creativa, para construir su propio destino. Durante la activaci\u00f3n de la \u00ab2T\u00bb: Servicios P\u00fablicos e Infraestructura, \u00abLas Ciudades Humanas para el Buen Vivir\u00bb, desde Macuto, estado [&hellip;]<\/p>\n","protected":false},"author":1,"featured_media":16700,"comment_status":"open","ping_status":"open","sticky":false,"template":"","format":"standard","meta":{"footnotes":""},"categories":[18,7],"tags":[1237,1236,20],"class_list":["post-16699","post","type-post","status-publish","format-standard","has-post-thumbnail","hentry","category-noticias-principales","category-notas-de-prensa","tag-creatividad","tag-ejemplo","tag-venezuela"],"_links":{"self":[{"href":"https:\/\/prensapresidencialvenezuela.gob.ve\/index.php\/wp-json\/wp\/v2\/posts\/16699","targetHints":{"allow":["GET"]}}],"collection":[{"href":"https:\/\/prensapresidencialvenezuela.gob.ve\/index.php\/wp-json\/wp\/v2\/posts"}],"about":[{"href":"https:\/\/prensapresidencialvenezuela.gob.ve\/index.php\/wp-json\/wp\/v2\/types\/post"}],"author":[{"embeddable":true,"href":"https:\/\/prensapresidencialvenezuela.gob.ve\/index.php\/wp-json\/wp\/v2\/users\/1"}],"replies":[{"embeddable":true,"href":"https:\/\/prensapresidencialvenezuela.gob.ve\/index.php\/wp-json\/wp\/v2\/comments?post=16699"}],"version-history":[{"count":2,"href":"https:\/\/prensapresidencialvenezuela.gob.ve\/index.php\/wp-json\/wp\/v2\/posts\/16699\/revisions"}],"predecessor-version":[{"id":16773,"href":"https:\/\/prensapresidencialvenezuela.gob.ve\/index.php\/wp-json\/wp\/v2\/posts\/16699\/revisions\/16773"}],"wp:featuredmedia":[{"embeddable":true,"href":"https:\/\/prensapresidencialvenezuela.gob.ve\/index.php\/wp-json\/wp\/v2\/media\/16700"}],"wp:attachment":[{"href":"https:\/\/prensapresidencialvenezuela.gob.ve\/index.php\/wp-json\/wp\/v2\/media?parent=16699"}],"wp:term":[{"taxonomy":"category","embeddable":true,"href":"https:\/\/prensapresidencialvenezuela.gob.ve\/index.php\/wp-json\/wp\/v2\/categories?post=16699"},{"taxonomy":"post_tag","embeddable":true,"href":"https:\/\/prensapresidencialvenezuela.gob.ve\/index.php\/wp-json\/wp\/v2\/tags?post=16699"}],"curies":[{"name":"wp","href":"https:\/\/api.w.org\/{rel}","templated":true}]}}