{"id":16702,"date":"2025-01-27T18:13:30","date_gmt":"2025-01-27T22:13:30","guid":{"rendered":"https:\/\/prensapresidencialvenezuela.gob.ve\/?p=16702"},"modified":"2025-01-27T18:16:54","modified_gmt":"2025-01-27T22:16:54","slug":"gobierno-bolivariano-unifica-gran-mision-venezuela-bella-y-juntos-todo-es-posible-para-la-construccion-de-espacios-del-buen-vivir","status":"publish","type":"post","link":"https:\/\/prensapresidencialvenezuela.gob.ve\/index.php\/2025\/01\/27\/gobierno-bolivariano-unifica-gran-mision-venezuela-bella-y-juntos-todo-es-posible-para-la-construccion-de-espacios-del-buen-vivir\/","title":{"rendered":"Gobierno Bolivariano unifica Gran Misi\u00f3n Venezuela Bella y Juntos Todo es Posible para construir espacios del buen vivir"},"content":{"rendered":"\n<p><strong>Macuto, estado La Guaira.-&nbsp; <\/strong>El presidente de la Rep\u00fablica Bolivariana de Venezuela, anunci\u00f3 la unificaci\u00f3n de las Gran Misi\u00f3n Venezuela Bella y Juntos Todo es Posible, para el impulso de la construcci\u00f3n de espacios p\u00fablicos, plazas, parques, \u00e1reas de armon\u00eda y el convivir.<\/p>\n\n\n\n<p>Esta acci\u00f3n est\u00e1 inmersa en la activaci\u00f3n de la 2T del plan de las 7 Transformaciones, respecto a la cual el Presidente indic\u00f3 que tiene \u00abuna gran importancia porque fue dise\u00f1ada en la ofensiva simultanea de las 7 Grandes Trasformaciones, para que el pa\u00eds logre la urbanizaci\u00f3ny el desarrollo urban\u00edstico de ciudades m\u00e1s humanas\u00bb.<\/p>\n\n\n\n<p>En este sentido, el Dignatario venezolano resalt\u00f3 que se debe construir una nueva modernidad socialista que est\u00e9 basada en los valores, la predica de Cristo redentor, y de Bol\u00edvar, con su idea de inventar un nuevo modelo de sociedad democr\u00e1tica, humana, en la que la libertade igualdad vayan juntas, por ser dos categor\u00edas basadas en los sue\u00f1os del buen vivir y el socialismo del siglo XXI del comandante Hugo Ch\u00e1vez.<\/p>\n\n\n\n<p>En este contexto, el jefe de Estado refiri\u00f3 en relaci\u00f3n a a\u00f1os pasados en el que el&nbsp; capitalismo le negaba todos los derechos a los pueblos, al recordar que uno de los derechos, es a la ciudad, a existir, a participar en el desarrollo citadino y al disfrute de servicios p\u00fablicos estables y desarrollados.<\/p>\n\n\n\n<p>Para finalizar, el Mandatario Nacional exclam\u00f3: \u00abNo se pueden construir viviendas sin habitad. Hay que construir habitad, comunidades y viviendas que tengan el concepto de lo venezolano, de nuestra identidad\u00bb.<\/p>\n\n\n\n<p><strong>Prensa Presidencial\/ Irmary D\u00edaz.&nbsp;<\/strong><\/p>\n","protected":false},"excerpt":{"rendered":"<p>Macuto, estado La Guaira.-&nbsp; El presidente de la Rep\u00fablica Bolivariana de Venezuela, anunci\u00f3 la unificaci\u00f3n de las Gran Misi\u00f3n Venezuela Bella y Juntos Todo es Posible, para el impulso de la construcci\u00f3n de espacios p\u00fablicos, plazas, parques, \u00e1reas de armon\u00eda y el convivir. Esta acci\u00f3n est\u00e1 inmersa en la activaci\u00f3n de la 2T del plan [&hellip;]<\/p>\n","protected":false},"author":1,"featured_media":16703,"comment_status":"open","ping_status":"open","sticky":false,"template":"","format":"standard","meta":{"footnotes":""},"categories":[18,7],"tags":[1240,1239,1164,1238,1241],"class_list":["post-16702","post","type-post","status-publish","format-standard","has-post-thumbnail","hentry","category-noticias-principales","category-notas-de-prensa","tag-buen","tag-espacios","tag-misiones","tag-unificacion","tag-vivir"],"_links":{"self":[{"href":"https:\/\/prensapresidencialvenezuela.gob.ve\/index.php\/wp-json\/wp\/v2\/posts\/16702","targetHints":{"allow":["GET"]}}],"collection":[{"href":"https:\/\/prensapresidencialvenezuela.gob.ve\/index.php\/wp-json\/wp\/v2\/posts"}],"about":[{"href":"https:\/\/prensapresidencialvenezuela.gob.ve\/index.php\/wp-json\/wp\/v2\/types\/post"}],"author":[{"embeddable":true,"href":"https:\/\/prensapresidencialvenezuela.gob.ve\/index.php\/wp-json\/wp\/v2\/users\/1"}],"replies":[{"embeddable":true,"href":"https:\/\/prensapresidencialvenezuela.gob.ve\/index.php\/wp-json\/wp\/v2\/comments?post=16702"}],"version-history":[{"count":2,"href":"https:\/\/prensapresidencialvenezuela.gob.ve\/index.php\/wp-json\/wp\/v2\/posts\/16702\/revisions"}],"predecessor-version":[{"id":16705,"href":"https:\/\/prensapresidencialvenezuela.gob.ve\/index.php\/wp-json\/wp\/v2\/posts\/16702\/revisions\/16705"}],"wp:featuredmedia":[{"embeddable":true,"href":"https:\/\/prensapresidencialvenezuela.gob.ve\/index.php\/wp-json\/wp\/v2\/media\/16703"}],"wp:attachment":[{"href":"https:\/\/prensapresidencialvenezuela.gob.ve\/index.php\/wp-json\/wp\/v2\/media?parent=16702"}],"wp:term":[{"taxonomy":"category","embeddable":true,"href":"https:\/\/prensapresidencialvenezuela.gob.ve\/index.php\/wp-json\/wp\/v2\/categories?post=16702"},{"taxonomy":"post_tag","embeddable":true,"href":"https:\/\/prensapresidencialvenezuela.gob.ve\/index.php\/wp-json\/wp\/v2\/tags?post=16702"}],"curies":[{"name":"wp","href":"https:\/\/api.w.org\/{rel}","templated":true}]}}