{"id":1676,"date":"2022-04-12T17:26:00","date_gmt":"2022-04-12T17:26:00","guid":{"rendered":"http:\/\/172.27.0.121\/?p=1676"},"modified":"2022-06-29T17:27:38","modified_gmt":"2022-06-29T17:27:38","slug":"venezuela-dispuesta-a-brindar-atencion-a-victimas-de-traumatismo-ocular-en-chile","status":"publish","type":"post","link":"https:\/\/prensapresidencialvenezuela.gob.ve\/index.php\/2022\/04\/12\/venezuela-dispuesta-a-brindar-atencion-a-victimas-de-traumatismo-ocular-en-chile\/","title":{"rendered":"Venezuela dispuesta a brindar atenci\u00f3n a v\u00edctimas de traumatismo ocular en Chile"},"content":{"rendered":"\n<p><strong>Palacio de Miraflores, Caracas.-<\/strong> Venezuela est\u00e1 dispuesta a ofrecer atenci\u00f3n m\u00e9dica oftalmol\u00f3gica, a trav\u00e9s de la Misi\u00f3n Milagro, para los j\u00f3venes con lesi\u00f3n o traumatismo ocular tras\u00a0la fuerte\u00a0represi\u00f3n\u00a0de\u00a0Carabineros\u00a0(polic\u00eda militar) a las\u00a0protestas\u00a0contra el expresidente Sebasti\u00e1n Pi\u00f1era.<\/p>\n\n\n\n<p>El anuncio lo hizo el presidente de la Rep\u00fablica, Nicol\u00e1s Maduro Moros, durante su participaci\u00f3n en la Cumbre Internacional contra el Fascismo por la Defensa de la Verdad, realizada en el Sal\u00f3n Ayacucho del Palacio de Miraflores.<\/p>\n\n\n\n<p>Al respecto, instruy\u00f3 al ministro del Poder Popular para las Relaciones Exteriores, F\u00e9lix Plasencia, evaluar y llevar a cabo las gestiones necesarias ante el gobierno chileno para llevar un halo esperanzador a los j\u00f3venes afectados por el exceso de la fuerza, por parte de los organismos de seguridad de Chile.<\/p>\n\n\n\n<p>Seg\u00fan reportes del Instituto Nacional de Derechos Humanos (INDH) de&nbsp;Chile&nbsp; m\u00e1s de 405 v\u00edctimas tienen&nbsp;una lesi\u00f3n o trauma, mientras que otras 33 personas tuvieron un estallido o p\u00e9rdida&nbsp;del \u00f3rgano.<\/p>\n\n\n\n<p><strong>Prensa Presidencial<\/strong><\/p>\n","protected":false},"excerpt":{"rendered":"<p>Palacio de Miraflores, Caracas.- Venezuela est\u00e1 dispuesta a ofrecer atenci\u00f3n m\u00e9dica oftalmol\u00f3gica, a trav\u00e9s de la Misi\u00f3n Milagro, para los j\u00f3venes con lesi\u00f3n o traumatismo ocular tras\u00a0la fuerte\u00a0represi\u00f3n\u00a0de\u00a0Carabineros\u00a0(polic\u00eda militar) a las\u00a0protestas\u00a0contra el expresidente Sebasti\u00e1n Pi\u00f1era. El anuncio lo hizo el presidente de la Rep\u00fablica, Nicol\u00e1s Maduro Moros, durante su participaci\u00f3n en la Cumbre Internacional contra [&hellip;]<\/p>\n","protected":false},"author":6,"featured_media":1677,"comment_status":"open","ping_status":"open","sticky":false,"template":"","format":"standard","meta":{"footnotes":""},"categories":[7],"tags":[],"class_list":["post-1676","post","type-post","status-publish","format-standard","has-post-thumbnail","hentry","category-notas-de-prensa"],"_links":{"self":[{"href":"https:\/\/prensapresidencialvenezuela.gob.ve\/index.php\/wp-json\/wp\/v2\/posts\/1676","targetHints":{"allow":["GET"]}}],"collection":[{"href":"https:\/\/prensapresidencialvenezuela.gob.ve\/index.php\/wp-json\/wp\/v2\/posts"}],"about":[{"href":"https:\/\/prensapresidencialvenezuela.gob.ve\/index.php\/wp-json\/wp\/v2\/types\/post"}],"author":[{"embeddable":true,"href":"https:\/\/prensapresidencialvenezuela.gob.ve\/index.php\/wp-json\/wp\/v2\/users\/6"}],"replies":[{"embeddable":true,"href":"https:\/\/prensapresidencialvenezuela.gob.ve\/index.php\/wp-json\/wp\/v2\/comments?post=1676"}],"version-history":[{"count":1,"href":"https:\/\/prensapresidencialvenezuela.gob.ve\/index.php\/wp-json\/wp\/v2\/posts\/1676\/revisions"}],"predecessor-version":[{"id":1678,"href":"https:\/\/prensapresidencialvenezuela.gob.ve\/index.php\/wp-json\/wp\/v2\/posts\/1676\/revisions\/1678"}],"wp:featuredmedia":[{"embeddable":true,"href":"https:\/\/prensapresidencialvenezuela.gob.ve\/index.php\/wp-json\/wp\/v2\/media\/1677"}],"wp:attachment":[{"href":"https:\/\/prensapresidencialvenezuela.gob.ve\/index.php\/wp-json\/wp\/v2\/media?parent=1676"}],"wp:term":[{"taxonomy":"category","embeddable":true,"href":"https:\/\/prensapresidencialvenezuela.gob.ve\/index.php\/wp-json\/wp\/v2\/categories?post=1676"},{"taxonomy":"post_tag","embeddable":true,"href":"https:\/\/prensapresidencialvenezuela.gob.ve\/index.php\/wp-json\/wp\/v2\/tags?post=1676"}],"curies":[{"name":"wp","href":"https:\/\/api.w.org\/{rel}","templated":true}]}}