{"id":16764,"date":"2025-01-27T21:50:13","date_gmt":"2025-01-28T01:50:13","guid":{"rendered":"https:\/\/prensapresidencialvenezuela.gob.ve\/?p=16764"},"modified":"2025-01-27T21:50:14","modified_gmt":"2025-01-28T01:50:14","slug":"cepal-reconoce-a-venezuela-como-nacion-lider-en-crecimiento-economico-en-america-latina","status":"publish","type":"post","link":"https:\/\/prensapresidencialvenezuela.gob.ve\/index.php\/2025\/01\/27\/cepal-reconoce-a-venezuela-como-nacion-lider-en-crecimiento-economico-en-america-latina\/","title":{"rendered":"CEPAL reconoce a Venezuela como naci\u00f3n l\u00edder en crecimiento econ\u00f3mico en Am\u00e9rica Latina"},"content":{"rendered":"\n<p><strong>Palacio de Miraflores, Caracas.-<\/strong> La Comisi\u00f3n Econ\u00f3mica para Am\u00e9rica Latina y el Caribe (CEPAL), ha destacado a Venezuela como el pa\u00eds con mayor crecimiento en la regi\u00f3n, proyectando un aumento del Producto Interno Bruto (PIB) del 9% para el a\u00f1o 2024.<\/p>\n\n\n\n<p>Esta notable recuperaci\u00f3n econ\u00f3mica se ha materializado en los \u00faltimos tres a\u00f1os y es el resultado de un esfuerzo interno significativo y de la resiliencia del pa\u00eds ante las sanciones econ\u00f3micas impuestas.<\/p>\n\n\n\n<p>En una entrevista con el periodista y analista pol\u00edtico Breno Altman, el presidente venezolano coment\u00f3 sobre el repunte econ\u00f3mico, que sigue a un periodo de crisis marcado por una ca\u00edda dram\u00e1tica del PIB y una hiperinflaci\u00f3n descontrolada. \u00abHemos logrado vencer la hiperinflaci\u00f3n, que lleg\u00f3 a ser del 344.000% en un solo mes, en 2019\u00bb, subray\u00f3.<\/p>\n\n\n\n<p>El Mandatario nacional explic\u00f3 que este crecimiento se debe a un plan estrat\u00e9gico centrado en la protecci\u00f3n del pueblo y el desarrollo de la producci\u00f3n nacional.<\/p>\n\n\n\n<p>\u00abPrimero tienes que decir la verdad, Breno. Las sanciones criminales contra la industria petrolera y la econom\u00eda de Venezuela nos hicieron perder el 99% de los ingresos\u00bb, se\u00f1al\u00f3, refiri\u00e9ndose a las medidas unilaterales impuestas por el imperialismo y sus aliados.<\/p>\n\n\n\n<p>Con el impacto devastador de las sanciones, que redujeron dr\u00e1sticamente los ingresos del pa\u00eds, pasando de 56 mil millones de d\u00f3lares a apenas 700 millones en un a\u00f1o, el gobierno implement\u00f3 un modelo enfocado en la protecci\u00f3n social. \u00abConformamos 33 mil Comit\u00e9s Locales de Abastecimiento y Producci\u00f3n (CLAP), para llevar alimento al pueblo\u00bb, agreg\u00f3, subrayando la inspiraci\u00f3n de estas pol\u00edticas en el legado del expresidente chileno Salvador Allende.<\/p>\n\n\n\n<p>El jefe de Estado tambi\u00e9n enfatiz\u00f3 la importancia de las misiones sociales establecidas por el comandante Hugo Ch\u00e1vez, que han sido clave en sectores como la salud, la vivienda y la educaci\u00f3n.<\/p>\n\n\n\n<p>\u00abHemos priorizado la producci\u00f3n de alimentos y hemos logrado abastecer el mercado nacional en un 100%, con un 85% de los productos disponibles provenientes de la producci\u00f3n local\u00bb, resalt\u00f3.<\/p>\n\n\n\n<p>Con un crecimiento sostenido durante los \u00faltimos 15 trimestres, el presidente afirm\u00f3 que este resultado es fruto del esfuerzo propio del pa\u00eds, sin depender de ayuda externa: \u00abHemos logrado unir todo el empresariado del pa\u00eds en funci\u00f3n productiva y hemos liberado las fuerzas productivas de Venezuela\u00bb, concluy\u00f3 con optimismo.<\/p>\n\n\n\n<p><strong>Prensa Presidencial \/ Luis Tavera<\/strong><\/p>\n","protected":false},"excerpt":{"rendered":"<p>Palacio de Miraflores, Caracas.- La Comisi\u00f3n Econ\u00f3mica para Am\u00e9rica Latina y el Caribe (CEPAL), ha destacado a Venezuela como el pa\u00eds con mayor crecimiento en la regi\u00f3n, proyectando un aumento del Producto Interno Bruto (PIB) del 9% para el a\u00f1o 2024. Esta notable recuperaci\u00f3n econ\u00f3mica se ha materializado en los \u00faltimos tres a\u00f1os y es [&hellip;]<\/p>\n","protected":false},"author":1,"featured_media":16765,"comment_status":"open","ping_status":"open","sticky":false,"template":"","format":"standard","meta":{"footnotes":""},"categories":[18,7],"tags":[1256,467,20],"class_list":["post-16764","post","type-post","status-publish","format-standard","has-post-thumbnail","hentry","category-noticias-principales","category-notas-de-prensa","tag-cepal","tag-crecimiento","tag-venezuela"],"_links":{"self":[{"href":"https:\/\/prensapresidencialvenezuela.gob.ve\/index.php\/wp-json\/wp\/v2\/posts\/16764","targetHints":{"allow":["GET"]}}],"collection":[{"href":"https:\/\/prensapresidencialvenezuela.gob.ve\/index.php\/wp-json\/wp\/v2\/posts"}],"about":[{"href":"https:\/\/prensapresidencialvenezuela.gob.ve\/index.php\/wp-json\/wp\/v2\/types\/post"}],"author":[{"embeddable":true,"href":"https:\/\/prensapresidencialvenezuela.gob.ve\/index.php\/wp-json\/wp\/v2\/users\/1"}],"replies":[{"embeddable":true,"href":"https:\/\/prensapresidencialvenezuela.gob.ve\/index.php\/wp-json\/wp\/v2\/comments?post=16764"}],"version-history":[{"count":1,"href":"https:\/\/prensapresidencialvenezuela.gob.ve\/index.php\/wp-json\/wp\/v2\/posts\/16764\/revisions"}],"predecessor-version":[{"id":16766,"href":"https:\/\/prensapresidencialvenezuela.gob.ve\/index.php\/wp-json\/wp\/v2\/posts\/16764\/revisions\/16766"}],"wp:featuredmedia":[{"embeddable":true,"href":"https:\/\/prensapresidencialvenezuela.gob.ve\/index.php\/wp-json\/wp\/v2\/media\/16765"}],"wp:attachment":[{"href":"https:\/\/prensapresidencialvenezuela.gob.ve\/index.php\/wp-json\/wp\/v2\/media?parent=16764"}],"wp:term":[{"taxonomy":"category","embeddable":true,"href":"https:\/\/prensapresidencialvenezuela.gob.ve\/index.php\/wp-json\/wp\/v2\/categories?post=16764"},{"taxonomy":"post_tag","embeddable":true,"href":"https:\/\/prensapresidencialvenezuela.gob.ve\/index.php\/wp-json\/wp\/v2\/tags?post=16764"}],"curies":[{"name":"wp","href":"https:\/\/api.w.org\/{rel}","templated":true}]}}