{"id":1679,"date":"2022-04-12T17:27:00","date_gmt":"2022-04-12T17:27:00","guid":{"rendered":"http:\/\/172.27.0.121\/?p=1679"},"modified":"2022-06-29T17:29:42","modified_gmt":"2022-06-29T17:29:42","slug":"presidente-maduro-el-12-de-abril-fue-un-dia-decisivo-para-la-comunicacion-popular","status":"publish","type":"post","link":"https:\/\/prensapresidencialvenezuela.gob.ve\/index.php\/2022\/04\/12\/presidente-maduro-el-12-de-abril-fue-un-dia-decisivo-para-la-comunicacion-popular\/","title":{"rendered":"Presidente Maduro: El 12 de abril\u00a0 fue un d\u00eda decisivo para la comunicaci\u00f3n popular"},"content":{"rendered":"\n<p><strong>Palacio de Miraflores, Caracas.-<\/strong>&nbsp; \u201cEl 12 de abril fue un d\u00eda decisivo en la comunicaci\u00f3n popular, fue un d\u00eda decisivo para romper la dictadura medi\u00e1tica, que s\u00ed se puede romper\u201d.<\/p>\n\n\n\n<p>As\u00ed destac\u00f3 el presidente de la Rep\u00fablica Bolivariana de Venezuela, Nicol\u00e1s Maduro, al rememorar el hecho que dej\u00f3 al descubierto la conspiraci\u00f3n medi\u00e1tica tanto nacional como internacional de quienes participaron en el golpe de Estado contra del comandante Hugo Ch\u00e1vez e impusieron un silencio informativo.<\/p>\n\n\n\n<p>En el contexto de la Cumbre Internacional Contra el Fascismo, exhort\u00f3 a los comunicadores populares a romper la hegemon\u00eda del relato y la mentira de occidente frente al surgimiento de un mundo pluripolar y multic\u00e9ntrico.<\/p>\n\n\n\n<p>\u201cRecuerdo que en todo el pa\u00eds, luego de la autojuramentaci\u00f3n \u2013de Pedro Carmona-, se dispararon marchas en las zonas populares, el pueblo levant\u00f3 barricadas en carreteras, autopistas, comunidades y se desat\u00f3 un cacerolazo ensordecedor, a lo largo y ancho de todas las ciudades del pa\u00eds, como respuesta del pueblo en rechazo al intento de imponer una dictadura como la que se pretendi\u00f3 a que el 12 de abril\u201d, record\u00f3.<\/p>\n\n\n\n<p>A pesar de la participaci\u00f3n de los gobiernos de Estados Unidos y Espa\u00f1a (principales protagonistas) en el golpe de Estado de abril 2002, que impuso por&nbsp; horas un gobierno que representaba a la oligarqu\u00eda nacional y afines a los intereses imperiales, Maduro detall\u00f3 que este hecho tambi\u00e9n provoc\u00f3 el surgimiento de la uni\u00f3n c\u00edvico-militar.<\/p>\n\n\n\n<p>\u201cGener\u00f3 tambi\u00e9n una fuerza que no se lo esperaban, una fuerza inaudita, in\u00e9dita, que hizo historia hasta nuestros d\u00edas con el surgimiento, en esas horas de dolor y de incertidumbre, de una fuerza popular que llev\u00f3 adelante lo que el comandante Hugo Ch\u00e1vez denomin\u00f3 como: la revoluci\u00f3n de abril, la resurrecci\u00f3n del pueblo el 13 de 14 de abril, la insurrecci\u00f3n c\u00edvico-militar m\u00e1s grandiosa conocida en nuestra historia\u201d, acentu\u00f3.<\/p>\n\n\n\n<p>El Jefe de Estado indic\u00f3 que \u201cno se puede decir que la contraofensiva revolucionaria del 13 y 14 de abril fue generada desde directrices de un partido pol\u00edtico, no, nosotros ten\u00edamos el movimiento Quinta Rep\u00fablica y no fue el movimiento Quinta Rep\u00fablica, no fue el Polo Patri\u00f3tico, no. En Venezuela la vanguardia esclarecida fue el pueblo de a pie, el pueblo humilde, pueblo vanguardia que se lanz\u00f3 a la calle\u201d.<\/p>\n\n\n\n<p><strong>Prensa Presidencial\/Eduardo Hueck<\/strong><\/p>\n","protected":false},"excerpt":{"rendered":"<p>Palacio de Miraflores, Caracas.-&nbsp; \u201cEl 12 de abril fue un d\u00eda decisivo en la comunicaci\u00f3n popular, fue un d\u00eda decisivo para romper la dictadura medi\u00e1tica, que s\u00ed se puede romper\u201d. As\u00ed destac\u00f3 el presidente de la Rep\u00fablica Bolivariana de Venezuela, Nicol\u00e1s Maduro, al rememorar el hecho que dej\u00f3 al descubierto la conspiraci\u00f3n medi\u00e1tica tanto nacional [&hellip;]<\/p>\n","protected":false},"author":6,"featured_media":1680,"comment_status":"open","ping_status":"open","sticky":false,"template":"","format":"standard","meta":{"footnotes":""},"categories":[7],"tags":[],"class_list":["post-1679","post","type-post","status-publish","format-standard","has-post-thumbnail","hentry","category-notas-de-prensa"],"_links":{"self":[{"href":"https:\/\/prensapresidencialvenezuela.gob.ve\/index.php\/wp-json\/wp\/v2\/posts\/1679","targetHints":{"allow":["GET"]}}],"collection":[{"href":"https:\/\/prensapresidencialvenezuela.gob.ve\/index.php\/wp-json\/wp\/v2\/posts"}],"about":[{"href":"https:\/\/prensapresidencialvenezuela.gob.ve\/index.php\/wp-json\/wp\/v2\/types\/post"}],"author":[{"embeddable":true,"href":"https:\/\/prensapresidencialvenezuela.gob.ve\/index.php\/wp-json\/wp\/v2\/users\/6"}],"replies":[{"embeddable":true,"href":"https:\/\/prensapresidencialvenezuela.gob.ve\/index.php\/wp-json\/wp\/v2\/comments?post=1679"}],"version-history":[{"count":2,"href":"https:\/\/prensapresidencialvenezuela.gob.ve\/index.php\/wp-json\/wp\/v2\/posts\/1679\/revisions"}],"predecessor-version":[{"id":1682,"href":"https:\/\/prensapresidencialvenezuela.gob.ve\/index.php\/wp-json\/wp\/v2\/posts\/1679\/revisions\/1682"}],"wp:featuredmedia":[{"embeddable":true,"href":"https:\/\/prensapresidencialvenezuela.gob.ve\/index.php\/wp-json\/wp\/v2\/media\/1680"}],"wp:attachment":[{"href":"https:\/\/prensapresidencialvenezuela.gob.ve\/index.php\/wp-json\/wp\/v2\/media?parent=1679"}],"wp:term":[{"taxonomy":"category","embeddable":true,"href":"https:\/\/prensapresidencialvenezuela.gob.ve\/index.php\/wp-json\/wp\/v2\/categories?post=1679"},{"taxonomy":"post_tag","embeddable":true,"href":"https:\/\/prensapresidencialvenezuela.gob.ve\/index.php\/wp-json\/wp\/v2\/tags?post=1679"}],"curies":[{"name":"wp","href":"https:\/\/api.w.org\/{rel}","templated":true}]}}