{"id":16791,"date":"2025-01-28T19:12:13","date_gmt":"2025-01-28T23:12:13","guid":{"rendered":"https:\/\/prensapresidencialvenezuela.gob.ve\/?p=16791"},"modified":"2025-01-28T19:12:14","modified_gmt":"2025-01-28T23:12:14","slug":"jefe-de-estado-instala-el-primer-consejo-federal-de-gobierno-del-2025","status":"publish","type":"post","link":"https:\/\/prensapresidencialvenezuela.gob.ve\/index.php\/2025\/01\/28\/jefe-de-estado-instala-el-primer-consejo-federal-de-gobierno-del-2025\/","title":{"rendered":"Jefe de Estado instala el primer Consejo Federal de Gobierno del 2025"},"content":{"rendered":"\n<p><strong>Palacio Blanco, Caracas.-<\/strong> Desde el Sal\u00f3n Ezequiel Zamora, del Palacio Blanco, el presidente de la Rep\u00fablica Bolivariana de Venezuela, Nicol\u00e1s Maduro Moros, instal\u00f3 el primer Consejo <a><\/a>Federal de Gobierno del 2025, en cumplimiento con la normativa establecida en la Constituci\u00f3n de la Rep\u00fablica Bolivariana de Venezuela (CRBV).<\/p>\n\n\n\n<p>Esta reuni\u00f3n fue liderada junto a la primera dama, Cilia Flores, la Vicepresidenta Ejecutiva de la Rep\u00fablica, Delcy Rodr\u00edguez, los Vicepresidentes Sectoriales de Gobierno, los alcaldes, gobernadores, ministros, voceros y voceras del Poder Popular.<\/p>\n\n\n\n<p>En septiembre del 2024, se realiz\u00f3 el \u00faltimo Consejo Federal de Gobierno del a\u00f1o anterior, donde el jefe de Estado ratific\u00f3 que esta instancia constitucional es para el di\u00e1logo, el debate permanente, la acci\u00f3n permanente, y deben desarrollarse en funci\u00f3n del pueblo, en cada territorio, circuito comunal y municipio del pa\u00eds, para fortalecer el concepto de la municipalizaci\u00f3n de las pol\u00edticas del Estado.<\/p>\n\n\n\n<p>Es de inter\u00e9s mencionar que este consejo es la instituci\u00f3n encargada de planificar y coordinar pol\u00edticas y acciones para el desarrollo de descentralizaci\u00f3n y transferencias de competencias del poder nacional, a los estados y municipios.<\/p>\n\n\n\n<p>Las acciones del Gobierno revolucionario se han ejecutado en funci\u00f3n del cumplimiento de las siete l\u00edneas de transformaci\u00f3n del plan de las 7T, para consolidar el impulso y prosperidad de la Patria, adem\u00e1s de sumar esfuerzos, robustecer la unidad del pa\u00eds.<\/p>\n\n\n\n<p><strong>Prensa Presidencial\/Irmary D\u00edaz.<\/strong><\/p>\n","protected":false},"excerpt":{"rendered":"<p>Palacio Blanco, Caracas.- Desde el Sal\u00f3n Ezequiel Zamora, del Palacio Blanco, el presidente de la Rep\u00fablica Bolivariana de Venezuela, Nicol\u00e1s Maduro Moros, instal\u00f3 el primer Consejo Federal de Gobierno del 2025, en cumplimiento con la normativa establecida en la Constituci\u00f3n de la Rep\u00fablica Bolivariana de Venezuela (CRBV). Esta reuni\u00f3n fue liderada junto a la primera [&hellip;]<\/p>\n","protected":false},"author":1,"featured_media":16792,"comment_status":"open","ping_status":"open","sticky":false,"template":"","format":"standard","meta":{"footnotes":""},"categories":[18,7],"tags":[726,1261,477],"class_list":["post-16791","post","type-post","status-publish","format-standard","has-post-thumbnail","hentry","category-noticias-principales","category-notas-de-prensa","tag-consejo","tag-federal","tag-gobierno"],"_links":{"self":[{"href":"https:\/\/prensapresidencialvenezuela.gob.ve\/index.php\/wp-json\/wp\/v2\/posts\/16791","targetHints":{"allow":["GET"]}}],"collection":[{"href":"https:\/\/prensapresidencialvenezuela.gob.ve\/index.php\/wp-json\/wp\/v2\/posts"}],"about":[{"href":"https:\/\/prensapresidencialvenezuela.gob.ve\/index.php\/wp-json\/wp\/v2\/types\/post"}],"author":[{"embeddable":true,"href":"https:\/\/prensapresidencialvenezuela.gob.ve\/index.php\/wp-json\/wp\/v2\/users\/1"}],"replies":[{"embeddable":true,"href":"https:\/\/prensapresidencialvenezuela.gob.ve\/index.php\/wp-json\/wp\/v2\/comments?post=16791"}],"version-history":[{"count":1,"href":"https:\/\/prensapresidencialvenezuela.gob.ve\/index.php\/wp-json\/wp\/v2\/posts\/16791\/revisions"}],"predecessor-version":[{"id":16793,"href":"https:\/\/prensapresidencialvenezuela.gob.ve\/index.php\/wp-json\/wp\/v2\/posts\/16791\/revisions\/16793"}],"wp:featuredmedia":[{"embeddable":true,"href":"https:\/\/prensapresidencialvenezuela.gob.ve\/index.php\/wp-json\/wp\/v2\/media\/16792"}],"wp:attachment":[{"href":"https:\/\/prensapresidencialvenezuela.gob.ve\/index.php\/wp-json\/wp\/v2\/media?parent=16791"}],"wp:term":[{"taxonomy":"category","embeddable":true,"href":"https:\/\/prensapresidencialvenezuela.gob.ve\/index.php\/wp-json\/wp\/v2\/categories?post=16791"},{"taxonomy":"post_tag","embeddable":true,"href":"https:\/\/prensapresidencialvenezuela.gob.ve\/index.php\/wp-json\/wp\/v2\/tags?post=16791"}],"curies":[{"name":"wp","href":"https:\/\/api.w.org\/{rel}","templated":true}]}}