{"id":16794,"date":"2025-01-28T19:39:56","date_gmt":"2025-01-28T23:39:56","guid":{"rendered":"https:\/\/prensapresidencialvenezuela.gob.ve\/?p=16794"},"modified":"2025-01-28T19:39:57","modified_gmt":"2025-01-28T23:39:57","slug":"presidente-insta-al-pueblo-venezolano-a-participar-en-los-comicios-electorales-del-2025","status":"publish","type":"post","link":"https:\/\/prensapresidencialvenezuela.gob.ve\/index.php\/2025\/01\/28\/presidente-insta-al-pueblo-venezolano-a-participar-en-los-comicios-electorales-del-2025\/","title":{"rendered":"Presidente insta al pueblo venezolano a participar en los comicios electorales del 2025"},"content":{"rendered":"\n<p><strong>Palacio Blanco, Caracas.-<\/strong> El presidente de la Rep\u00fablica Bolivariana de Venezuela, Nicol\u00e1s Maduro Moros, inst\u00f3 al pueblo venezolano a ejercer su derecho al voto en los comicios que se efectuar\u00e1n este a\u00f1o 2025, para el robustecimiento del Poder Popular y el avance en las comunidades.<\/p>\n\n\n\n<p>Asimismo, el jefe de Estado se\u00f1al\u00f3 que el Consejo Nacional Electoral (CNE), convoc\u00f3 en el mes en curso a&nbsp; una consulta popular, para elegir los proyectos que se ejecutar\u00e1n en las comunidades, y luego desarrollar cada plan en los diferentes territorios.<\/p>\n\n\n\n<p>En esa l\u00ednea, ha reiterado que el pueblo est\u00e1 preparado para salir a las calles e ir al debate constante, ya que est\u00e1 en los venezolanos el poder de elegir y tomar la mejor decisi\u00f3n para el pa\u00eds, por lo cual, expres\u00f3 que \u00abVenezuela ha perseverado en el camino de la Constituci\u00f3n\u00bb.<\/p>\n\n\n\n<p>Por su parte, el Secretario del Consejo Federal de Gobierno, Leonardo Montezuma, inform\u00f3 que este ciclo de consultas populares es un extraordinario periodo para que el pueblo elija, y as\u00ed, con el Poder Popular y las comunas, lleguen los&nbsp; recursos a su territorio.&nbsp;<\/p>\n\n\n\n<p><strong>Venezuela supera las arremetidas internacionales.<\/strong><\/p>\n\n\n\n<p>Con relaci\u00f3n a las arremetidas que ha sufrido la Naci\u00f3n, el Dignatario dijo que el pa\u00eds ha resistido fielmente y saldr\u00e1 adelante con el fortalecimiento de la democracia y las instituciones.<\/p>\n\n\n\n<p>\u00abSi uno no se hace respetar, no lo respetan, tenemos que hacernos respetar ante el mundo\u00bb, en esta cita hizo referencia a la entrevista que ofreci\u00f3 al periodista analista pol\u00edtico brasile\u00f1o, Breno Altman, director del portal \u00d3pera Mundi.<\/p>\n\n\n\n<p>Para finalizar, el Mandatario Nacional asever\u00f3 que el pa\u00eds ha sabido inventar y reinventar sus formulas para reconstruirse..<\/p>\n\n\n\n<p><strong>Prensa Presidencial\/ Irmary D\u00edaz<\/strong><\/p>\n","protected":false},"excerpt":{"rendered":"<p>Palacio Blanco, Caracas.- El presidente de la Rep\u00fablica Bolivariana de Venezuela, Nicol\u00e1s Maduro Moros, inst\u00f3 al pueblo venezolano a ejercer su derecho al voto en los comicios que se efectuar\u00e1n este a\u00f1o 2025, para el robustecimiento del Poder Popular y el avance en las comunidades. Asimismo, el jefe de Estado se\u00f1al\u00f3 que el Consejo Nacional [&hellip;]<\/p>\n","protected":false},"author":1,"featured_media":16795,"comment_status":"open","ping_status":"open","sticky":false,"template":"","format":"standard","meta":{"footnotes":""},"categories":[18,7],"tags":[1166,722,1020],"class_list":["post-16794","post","type-post","status-publish","format-standard","has-post-thumbnail","hentry","category-noticias-principales","category-notas-de-prensa","tag-1166","tag-llamado","tag-votaciones"],"_links":{"self":[{"href":"https:\/\/prensapresidencialvenezuela.gob.ve\/index.php\/wp-json\/wp\/v2\/posts\/16794","targetHints":{"allow":["GET"]}}],"collection":[{"href":"https:\/\/prensapresidencialvenezuela.gob.ve\/index.php\/wp-json\/wp\/v2\/posts"}],"about":[{"href":"https:\/\/prensapresidencialvenezuela.gob.ve\/index.php\/wp-json\/wp\/v2\/types\/post"}],"author":[{"embeddable":true,"href":"https:\/\/prensapresidencialvenezuela.gob.ve\/index.php\/wp-json\/wp\/v2\/users\/1"}],"replies":[{"embeddable":true,"href":"https:\/\/prensapresidencialvenezuela.gob.ve\/index.php\/wp-json\/wp\/v2\/comments?post=16794"}],"version-history":[{"count":2,"href":"https:\/\/prensapresidencialvenezuela.gob.ve\/index.php\/wp-json\/wp\/v2\/posts\/16794\/revisions"}],"predecessor-version":[{"id":16797,"href":"https:\/\/prensapresidencialvenezuela.gob.ve\/index.php\/wp-json\/wp\/v2\/posts\/16794\/revisions\/16797"}],"wp:featuredmedia":[{"embeddable":true,"href":"https:\/\/prensapresidencialvenezuela.gob.ve\/index.php\/wp-json\/wp\/v2\/media\/16795"}],"wp:attachment":[{"href":"https:\/\/prensapresidencialvenezuela.gob.ve\/index.php\/wp-json\/wp\/v2\/media?parent=16794"}],"wp:term":[{"taxonomy":"category","embeddable":true,"href":"https:\/\/prensapresidencialvenezuela.gob.ve\/index.php\/wp-json\/wp\/v2\/categories?post=16794"},{"taxonomy":"post_tag","embeddable":true,"href":"https:\/\/prensapresidencialvenezuela.gob.ve\/index.php\/wp-json\/wp\/v2\/tags?post=16794"}],"curies":[{"name":"wp","href":"https:\/\/api.w.org\/{rel}","templated":true}]}}