{"id":16798,"date":"2025-01-28T20:28:59","date_gmt":"2025-01-29T00:28:59","guid":{"rendered":"https:\/\/prensapresidencialvenezuela.gob.ve\/?p=16798"},"modified":"2025-01-28T22:46:28","modified_gmt":"2025-01-29T02:46:28","slug":"designan-integrantes-de-la-secretaria-del-consejo-federal-de-gobierno-2025","status":"publish","type":"post","link":"https:\/\/prensapresidencialvenezuela.gob.ve\/index.php\/2025\/01\/28\/designan-integrantes-de-la-secretaria-del-consejo-federal-de-gobierno-2025\/","title":{"rendered":"Designan a integrantes de la Secretar\u00eda del Consejo Federal de Gobierno 2025"},"content":{"rendered":"\n<p><strong>Palacio Blanco, Caracas.-<\/strong> El presidente de la Rep\u00fablica Bolivariana de Venezuela, Nicol\u00e1s Maduro Moros, nombr\u00f3 a los integrantes que conformar\u00e1n la Secretar\u00eda del Consejo Federal de Gobierno 2025, con el objetivo de seguir avanzando en el impulso del desarrollo de la Naci\u00f3n.<\/p>\n\n\n\n<p>Este consejo estar\u00e1 conformado de la siguiente manera: <a><\/a><\/p>\n\n\n\n<ul class=\"wp-block-list\">\n<li>Vicepresidenta Ejecutiva, Delcy Rodr\u00edguez, al frente de la instancia.<\/li>\n<\/ul>\n\n\n\n<ul class=\"wp-block-list\">\n<li>Secretario del Consejo Federal de Gobierno y Fondo de Compensaci\u00f3n Interterritorial, Leonardo Montezuma<\/li>\n<\/ul>\n\n\n\n<ul class=\"wp-block-list\">\n<li>Ministro del Poder Popular para la Energ\u00eda El\u00e9ctrica, M\/G Jorge M\u00e1rquez.&nbsp;<\/li>\n<\/ul>\n\n\n\n<ul class=\"wp-block-list\">\n<li>Ministra del Poder Popular para Ciencia y Tecnolog\u00eda, Gabriela Jim\u00e9nez.\u00a0<\/li>\n<\/ul>\n\n\n\n<ul class=\"wp-block-list\">\n<li>Gobernador del estado Portuguesa, Antonio Primitivo Cede\u00f1o.&nbsp;<\/li>\n<\/ul>\n\n\n\n<ul class=\"wp-block-list\">\n<li>Gobernador del estado Monagas, Ernesto Luna.&nbsp;<\/li>\n<\/ul>\n\n\n\n<ul class=\"wp-block-list\">\n<li>Gobernador del estado Cojedes, Jos\u00e9 Alberto Gal\u00edndez.&nbsp;<\/li>\n<\/ul>\n\n\n\n<ul class=\"wp-block-list\">\n<li>Alcaldesa de Caracas, Almiranta en Jefa Carmen Mel\u00e9ndez.&nbsp;<\/li>\n<\/ul>\n\n\n\n<ul class=\"wp-block-list\">\n<li>Alcalde del municipio Mara, estado Zulia, Luis Gerardo Caldera Morales.&nbsp;<\/li>\n<\/ul>\n\n\n\n<ul class=\"wp-block-list\">\n<li>Alcalde del municipio Maneiro, Nueva Esparta, David Morel Rodr\u00edguez<\/li>\n<\/ul>\n\n\n\n<p>Este \u00f3rgano del Estado es el encargado de la planificaci\u00f3n y coordinaci\u00f3n de pol\u00edticas y acciones para el desarrollo del proceso de descentralizaci\u00f3n y transferencia de competencias del Poder Nacional a los estados y municipios.<\/p>\n\n\n\n<p>Todas estas tareas se establecer\u00e1n de acuerdo con los lineamientos que se aplicar\u00e1n a los procesos de transferencia de las competencias y atribuciones de las entidades territoriales hacia las organizaciones de base del Poder Popular, adem\u00e1s de discutir y aprobar anualmente los recursos que se destinar\u00e1n al Fondo de Compensaci\u00f3n Interterritorial y las \u00e1reas de inversi\u00f3n prioritarias.<\/p>\n\n\n\n<p><strong>Prensa Presidencial\/Irmary D\u00edaz.<\/strong><\/p>\n","protected":false},"excerpt":{"rendered":"<p>Palacio Blanco, Caracas.- El presidente de la Rep\u00fablica Bolivariana de Venezuela, Nicol\u00e1s Maduro Moros, nombr\u00f3 a los integrantes que conformar\u00e1n la Secretar\u00eda del Consejo Federal de Gobierno 2025, con el objetivo de seguir avanzando en el impulso del desarrollo de la Naci\u00f3n. Este consejo estar\u00e1 conformado de la siguiente manera: Este \u00f3rgano del Estado es [&hellip;]<\/p>\n","protected":false},"author":1,"featured_media":16799,"comment_status":"open","ping_status":"open","sticky":false,"template":"","format":"standard","meta":{"footnotes":""},"categories":[18,7],"tags":[726,1261,477,1262],"class_list":["post-16798","post","type-post","status-publish","format-standard","has-post-thumbnail","hentry","category-noticias-principales","category-notas-de-prensa","tag-consejo","tag-federal","tag-gobierno","tag-integrantes"],"_links":{"self":[{"href":"https:\/\/prensapresidencialvenezuela.gob.ve\/index.php\/wp-json\/wp\/v2\/posts\/16798","targetHints":{"allow":["GET"]}}],"collection":[{"href":"https:\/\/prensapresidencialvenezuela.gob.ve\/index.php\/wp-json\/wp\/v2\/posts"}],"about":[{"href":"https:\/\/prensapresidencialvenezuela.gob.ve\/index.php\/wp-json\/wp\/v2\/types\/post"}],"author":[{"embeddable":true,"href":"https:\/\/prensapresidencialvenezuela.gob.ve\/index.php\/wp-json\/wp\/v2\/users\/1"}],"replies":[{"embeddable":true,"href":"https:\/\/prensapresidencialvenezuela.gob.ve\/index.php\/wp-json\/wp\/v2\/comments?post=16798"}],"version-history":[{"count":3,"href":"https:\/\/prensapresidencialvenezuela.gob.ve\/index.php\/wp-json\/wp\/v2\/posts\/16798\/revisions"}],"predecessor-version":[{"id":16824,"href":"https:\/\/prensapresidencialvenezuela.gob.ve\/index.php\/wp-json\/wp\/v2\/posts\/16798\/revisions\/16824"}],"wp:featuredmedia":[{"embeddable":true,"href":"https:\/\/prensapresidencialvenezuela.gob.ve\/index.php\/wp-json\/wp\/v2\/media\/16799"}],"wp:attachment":[{"href":"https:\/\/prensapresidencialvenezuela.gob.ve\/index.php\/wp-json\/wp\/v2\/media?parent=16798"}],"wp:term":[{"taxonomy":"category","embeddable":true,"href":"https:\/\/prensapresidencialvenezuela.gob.ve\/index.php\/wp-json\/wp\/v2\/categories?post=16798"},{"taxonomy":"post_tag","embeddable":true,"href":"https:\/\/prensapresidencialvenezuela.gob.ve\/index.php\/wp-json\/wp\/v2\/tags?post=16798"}],"curies":[{"name":"wp","href":"https:\/\/api.w.org\/{rel}","templated":true}]}}